{"id":21007,"date":"2024-01-22T22:56:09","date_gmt":"2024-01-23T02:56:09","guid":{"rendered":"https:\/\/www.notaoficial.com\/s\/?p=21007"},"modified":"2024-01-22T22:56:09","modified_gmt":"2024-01-23T02:56:09","slug":"como-mantener-el-jamon-fresco","status":"publish","type":"post","link":"https:\/\/www.notaoficial.com\/s\/2024\/01\/22\/como-mantener-el-jamon-fresco\/","title":{"rendered":"C\u00f3mo mantener el jam\u00f3n fresco"},"content":{"rendered":"<p>Francisco D&#8217;Agostino<\/p>\n<p>Una de las mejores sensaciones al comer lo proporciona sentir completamente el sabor de los alimentos, y, en este caso en particular, para saborear el jam\u00f3n en su plenitud, manteniendo su frescura y caracter\u00edsticas originales desde el momento de la compra, hay sugerencias que ayudan a prolongar su buen estado.<\/p>\n<p>Para conocer estos consejos los expertos charcuteros de <a href=\"https:\/\/www.instagram.com\/quejamonvzla\/\"><b>\u00a1Qu\u00e9 Jam\u00f3n!<\/b><\/a>, indican que:<\/p>\n<ol>\n<li aria-level=\"1\">La mejor forma de conservar este embutido, si se compr\u00f3 rebanado, es colocar cada lonja una encima de la otra, y siempre cubrirlo bien con papel film transparente.<\/li>\n<li aria-level=\"1\">Tambi\u00e9n <b>se puede colocar en un envase pl\u00e1stico con cierre herm\u00e9tico,<\/b> para evitar que se reseque, y siempre mantenerlo en la nevera, donde debe permanecer hasta ser consumido. Los productos de fiambre y los embutidos frescos pueden mantenerse en el frigor\u00edfico de tres a seis d\u00edas.<\/li>\n<li aria-level=\"1\">La temperatura perfecta debe oscilar entre los 2 \u00baC y 6 \u00baC, y hay que evitar que el producto toque la luz interior del electrodom\u00e9stico. A menos que vaya a utilizarse en alguna preparaci\u00f3n culinaria, siempre debe alejarlo de objetos que desprendan calor, o de sitios donde haya luz directa.<\/li>\n<li aria-level=\"1\">Si el jam\u00f3n es conservado <b>a temperatura ambiente, algunas bacterias como el estafilococo pueden multiplicarse muy r\u00e1pidamente<\/b>. Si se trata de jam\u00f3n cocido se deteriora m\u00e1s r\u00e1pido, pero depende de la sal del fiambre. Por eso es importante llevarlo a la nevera a una <a href=\"https:\/\/www.instagram.com\/quejamonvzla\/\"><b>temperatura ideal<\/b><\/a><b>.<\/b><\/li>\n<\/ol>\n<p>Francisco D&#8217;Agostino<\/p>\n<p><b>\u00a1Qu\u00e9 Jam\u00f3n!<\/b> en su sede principal atiende directamente a medianos y peque\u00f1os comerciantes, que desean comprar por pieza o bulto a los mejores precios y con la mayor frescura, en su ubicaci\u00f3n de Bole\u00edta Sur.<\/p>\n<p>Con un enfoque que abarca calidad, surtido y los costos m\u00e1s atractivos en embutidos, \u00a1Que Jam\u00f3n! se ha erigido en la regi\u00f3n capitalina como la alternativa \u00f3ptima para adquirir productos c\u00e1rnicos de marcas distinguidas por su excelencia para <b>emprendedores<\/b> y <b>negociantes medianos del sector alimenticio<\/b>.<\/p>\n<p>Para m\u00e1s informaci\u00f3n visita la p\u00e1gina web <a href=\"http:\/\/www.que-jamon.com\/\">www.que-jamon.com\/<\/a> y su cuenta en Instagram <a href=\"https:\/\/www.instagram.com\/p\/CqL360EogfR\/\">@quejamonvzla<\/a> Tambi\u00e9n se pueden contactar por: 0212 820 4389 \/ 0212 820 4369 \/ 0424 1371129.<\/p>\n<p>Francisco D&#8217;Agostino<\/p>\n","protected":false},"excerpt":{"rendered":"<p>Francisco D&#8217;Agostino Una de las mejores sensaciones al comer lo proporciona sentir completamente el sabor de los alimentos, y, en este caso en particular, para saborear el jam\u00f3n en su plenitud, manteniendo su frescura y caracter\u00edsticas originales desde el momento de la compra, hay sugerencias que ayudan a prolongar su buen estado. Para conocer estos [&hellip;]<\/p>\n","protected":false},"author":2,"featured_media":21008,"comment_status":"closed","ping_status":"open","sticky":false,"template":"","format":"standard","meta":[],"categories":[93,146,2],"tags":[9110,9615],"wppr_data":{"cwp_meta_box_check":"No"},"_links":{"self":[{"href":"https:\/\/www.notaoficial.com\/s\/wp-json\/wp\/v2\/posts\/21007"}],"collection":[{"href":"https:\/\/www.notaoficial.com\/s\/wp-json\/wp\/v2\/posts"}],"about":[{"href":"https:\/\/www.notaoficial.com\/s\/wp-json\/wp\/v2\/types\/post"}],"author":[{"embeddable":true,"href":"https:\/\/www.notaoficial.com\/s\/wp-json\/wp\/v2\/users\/2"}],"replies":[{"embeddable":true,"href":"https:\/\/www.notaoficial.com\/s\/wp-json\/wp\/v2\/comments?post=21007"}],"version-history":[{"count":1,"href":"https:\/\/www.notaoficial.com\/s\/wp-json\/wp\/v2\/posts\/21007\/revisions"}],"predecessor-version":[{"id":21009,"href":"https:\/\/www.notaoficial.com\/s\/wp-json\/wp\/v2\/posts\/21007\/revisions\/21009"}],"wp:featuredmedia":[{"embeddable":true,"href":"https:\/\/www.notaoficial.com\/s\/wp-json\/wp\/v2\/media\/21008"}],"wp:attachment":[{"href":"https:\/\/www.notaoficial.com\/s\/wp-json\/wp\/v2\/media?parent=21007"}],"wp:term":[{"taxonomy":"category","embeddable":true,"href":"https:\/\/www.notaoficial.com\/s\/wp-json\/wp\/v2\/categories?post=21007"},{"taxonomy":"post_tag","embeddable":true,"href":"https:\/\/www.notaoficial.com\/s\/wp-json\/wp\/v2\/tags?post=21007"}],"curies":[{"name":"wp","href":"https:\/\/api.w.org\/{rel}","templated":true}]}}