{"id":21013,"date":"2024-01-22T23:04:21","date_gmt":"2024-01-23T03:04:21","guid":{"rendered":"https:\/\/www.notaoficial.com\/s\/?p=21013"},"modified":"2024-01-22T23:04:21","modified_gmt":"2024-01-23T03:04:21","slug":"encuesta-cualitativa-empresarial-correspondiente-al-iii-trimestre-del-ano-2023","status":"publish","type":"post","link":"https:\/\/www.notaoficial.com\/s\/2024\/01\/22\/encuesta-cualitativa-empresarial-correspondiente-al-iii-trimestre-del-ano-2023\/","title":{"rendered":"Encuesta Cualitativa Empresarial correspondiente al III Trimestre del a\u00f1o 2023"},"content":{"rendered":"<p>Ad\u00e1n Celis, presidente de la Federaci\u00f3n de C\u00e1maras y Asociaciones de Comercio y Producci\u00f3n \u2013 Fedec\u00e1maras-, present\u00f3 los resultados de la Encuesta Cualitativa Empresarial -ECE-, correspondiente al III trimestre de 2023, estudio en el cual los representantes de los gremios afiliados a esta federaci\u00f3n opinaron acerca del comportamiento de las empresas afiliadas a los diferentes sectores que agrupan, as\u00ed como sus expectativas para 2024.<\/p>\n<p>Para el lapso julio-septiembre 2023, se\u00f1alaron que se observ\u00f3 un descenso en la actividad empresarial privada de 4.8%, en los sectores comercio, manufactura, turismo, construcci\u00f3n, inmobiliario, agr\u00edcola y telecomunicaciones.<\/p>\n<p>Para un 84% de los consultados, la escasez de combustible fue uno de los elementos que afect\u00f3 la operatividad del sector empresarial, mientras que el 89% de la muestra indic\u00f3 que las fallas en el suministro de energ\u00eda el\u00e9ctrica contribuyeron a que la ca\u00edda, en los indicadores de la actividad productiva privada, se situase en 4.8% para el tercer trimestre de 2023.<\/p>\n<p><b>El compromiso social del empresariado venezolano<\/b><\/p>\n<p>Al presentar los resultados del estudio, el presidente de Fedec\u00e1maras agreg\u00f3 que durante el periodo julio-septiembre, las remuneraciones del personal obrero promediaron $161, destacando que \u201cno obstante la dif\u00edcil coyuntura econ\u00f3mica por la cual atraviesa el pa\u00eds, valoramos el esfuerzo que est\u00e1n haciendo las empresas para ofrecer mejores condiciones a sus colaboradores, en lo referente a sueldos y otros beneficios\u201d.<\/p>\n<p>Agreg\u00f3 que est\u00e1n conscientes de que ese monto no es suficiente, \u201cpero estamos seguros de que en la medida en que el sector privado vaya recuper\u00e1ndose, podremos seguir apoyando a nuestro personal. Ese, es parte del compromiso social que defiende el empresariado venezolano. Estamos siempre en constante b\u00fasqueda de alternativas que puedan mejorar la calidad de vida y ofrecer bienestar para los trabajadores y su n\u00facleo familiar\u201d.<\/p>\n<p>Por otra parte, el documento muestra una ca\u00edda en el empleo durante el tercer trimestre, estimada en 3.7%, que fue acentu\u00e1ndose durante el a\u00f1o. \u201cTenemos confianza de que en el 2024 mejorar\u00e1n las condiciones que propiciaron que un mayor n\u00famero de venezolanos abandonaran sus puestos de trabajo, bien sea por decisi\u00f3n propia o por el cierre de algunas empresas\u201d, agreg\u00f3 el presidente de Fedec\u00e1maras.<\/p>\n<p><b>2024 ser\u00e1 un a\u00f1o de recuperaci\u00f3n<\/b><\/p>\n<p>Celis inform\u00f3 que las expectativas para el 2024, es que \u201cobservemos una recuperaci\u00f3n de 10.6% en los indicadores\u201d. \u201cLos empresarios somos optimistas por naturaleza, y estoy convencido de que el pr\u00f3ximo a\u00f1o estaremos presenciando un repunte de la actividad productiva del pa\u00eds, que se traducir\u00e1 en beneficios tangibles para los venezolanos\u201d, agreg\u00f3 Celis.<\/p>\n<p>El 81% de los consultados se\u00f1al\u00f3 que las sanciones han afectado el desempe\u00f1o de las empresas afiliadas a sus respectivos gremios.\u00a0 Por otra parte, el presidente Celis acot\u00f3 que \u201cel estudio tambi\u00e9n revela que en su conjunto, el sector privado tiene 49 % de su capacidad instalada lista para funcionar, de manera inmediata, en caso de materializarse mejoras sustanciales en las condiciones macroecon\u00f3micas\u201d.<br \/>\nInmobiliario, construcci\u00f3n y manufactura son los sectores con mayores oportunidades para inversionistas nacionales o for\u00e1neos.<\/p>\n<p>Para concluir, Celis insisti\u00f3 en la necesidad de seguir trabajando, de manera conjunta y coordinada con el Ejecutivo nacional y regional, en la soluci\u00f3n de la problem\u00e1tica que afecta la productividad del sector privado venezolano. \u201cTenemos que remar en la misma direcci\u00f3n. Nuestro \u00fanico inter\u00e9s, como empresarios, es contribuir con el bienestar de la comunidad, a trav\u00e9s del mantenimiento y generaci\u00f3n de nuevas fuentes de empleo para millones de venezolanos. Cada vez que se abre un nuevo negocio, se abren oportunidades de mejoras en la calidad de vida para nuestra gente\u201d, puntualiz\u00f3.<\/p>\n","protected":false},"excerpt":{"rendered":"<p>Ad\u00e1n Celis, presidente de la Federaci\u00f3n de C\u00e1maras y Asociaciones de Comercio y Producci\u00f3n \u2013 Fedec\u00e1maras-, present\u00f3 los resultados de la Encuesta Cualitativa Empresarial -ECE-, correspondiente al III trimestre de 2023, estudio en el cual los representantes de los gremios afiliados a esta federaci\u00f3n opinaron acerca del comportamiento de las empresas afiliadas a los diferentes [&hellip;]<\/p>\n","protected":false},"author":2,"featured_media":21014,"comment_status":"closed","ping_status":"open","sticky":false,"template":"","format":"standard","meta":[],"categories":[93,146,2],"tags":[9570,1368],"wppr_data":{"cwp_meta_box_check":"No"},"_links":{"self":[{"href":"https:\/\/www.notaoficial.com\/s\/wp-json\/wp\/v2\/posts\/21013"}],"collection":[{"href":"https:\/\/www.notaoficial.com\/s\/wp-json\/wp\/v2\/posts"}],"about":[{"href":"https:\/\/www.notaoficial.com\/s\/wp-json\/wp\/v2\/types\/post"}],"author":[{"embeddable":true,"href":"https:\/\/www.notaoficial.com\/s\/wp-json\/wp\/v2\/users\/2"}],"replies":[{"embeddable":true,"href":"https:\/\/www.notaoficial.com\/s\/wp-json\/wp\/v2\/comments?post=21013"}],"version-history":[{"count":2,"href":"https:\/\/www.notaoficial.com\/s\/wp-json\/wp\/v2\/posts\/21013\/revisions"}],"predecessor-version":[{"id":21016,"href":"https:\/\/www.notaoficial.com\/s\/wp-json\/wp\/v2\/posts\/21013\/revisions\/21016"}],"wp:featuredmedia":[{"embeddable":true,"href":"https:\/\/www.notaoficial.com\/s\/wp-json\/wp\/v2\/media\/21014"}],"wp:attachment":[{"href":"https:\/\/www.notaoficial.com\/s\/wp-json\/wp\/v2\/media?parent=21013"}],"wp:term":[{"taxonomy":"category","embeddable":true,"href":"https:\/\/www.notaoficial.com\/s\/wp-json\/wp\/v2\/categories?post=21013"},{"taxonomy":"post_tag","embeddable":true,"href":"https:\/\/www.notaoficial.com\/s\/wp-json\/wp\/v2\/tags?post=21013"}],"curies":[{"name":"wp","href":"https:\/\/api.w.org\/{rel}","templated":true}]}}