{"id":21029,"date":"2024-01-23T23:53:48","date_gmt":"2024-01-24T03:53:48","guid":{"rendered":"https:\/\/www.notaoficial.com\/s\/?p=21029"},"modified":"2024-01-23T23:53:48","modified_gmt":"2024-01-24T03:53:48","slug":"julian-gil-engalana-la-portada-de-estilo-df","status":"publish","type":"post","link":"https:\/\/www.notaoficial.com\/s\/2024\/01\/23\/julian-gil-engalana-la-portada-de-estilo-df\/","title":{"rendered":"Juli\u00e1n Gil engalana la portada de ESTILO DF"},"content":{"rendered":"<p>El actor y conductor <a href=\"https:\/\/facebook.us15.list-manage.com\/track\/click?u=d29e05f3cb957969a97f7b89e&amp;id=42b2a14aa9&amp;e=48ce6451b1\" target=\"_blank\" rel=\"noopener\" data-saferedirecturl=\"https:\/\/www.google.com\/url?q=https:\/\/facebook.us15.list-manage.com\/track\/click?u%3Dd29e05f3cb957969a97f7b89e%26id%3D42b2a14aa9%26e%3D48ce6451b1&amp;source=gmail&amp;ust=1706153679775000&amp;usg=AOvVaw2F2Fv1qDsFDPlptu34F07a\"><strong>Juli\u00e1n Gil<\/strong><\/a>\u00a0inicia el a\u00f1o engalanado la portada de <a href=\"https:\/\/facebook.us15.list-manage.com\/track\/click?u=d29e05f3cb957969a97f7b89e&amp;id=781e58f878&amp;e=48ce6451b1\" target=\"_blank\" rel=\"noopener\" data-saferedirecturl=\"https:\/\/www.google.com\/url?q=https:\/\/facebook.us15.list-manage.com\/track\/click?u%3Dd29e05f3cb957969a97f7b89e%26id%3D781e58f878%26e%3D48ce6451b1&amp;source=gmail&amp;ust=1706153679775000&amp;usg=AOvVaw35agw69Jn95gN-mteSyLmk\"><strong>ESTILO DF<\/strong><\/a><\/p>\n<p>La prestigiosa revista mexicana le realiz\u00f3 un reportaje sobre su trayectoria actoral y su vida personal al lado de su novia <strong><a href=\"https:\/\/facebook.us15.list-manage.com\/track\/click?u=d29e05f3cb957969a97f7b89e&amp;id=84cde7829b&amp;e=48ce6451b1\" target=\"_blank\" rel=\"noopener\" data-saferedirecturl=\"https:\/\/www.google.com\/url?q=https:\/\/facebook.us15.list-manage.com\/track\/click?u%3Dd29e05f3cb957969a97f7b89e%26id%3D84cde7829b%26e%3D48ce6451b1&amp;source=gmail&amp;ust=1706153679775000&amp;usg=AOvVaw10MjhZ4JVmbLzXmkjJhrlX\">Valeria Mar\u00edn<\/a>. <\/strong>Adem\u00e1s de la bendici\u00f3n de ser abuelo, su hija Nicolle dar\u00e1 vida a Oliver, primer nieto del actor.<\/p>\n<p>Juli\u00e1n fue seleccionado por la revista <strong>ESTILO DF\u00a0<\/strong>por ser un destacado y reconocido actor internacional, coprotagonista de la telenovela <strong>&#8216;El Maleficio&#8217;<\/strong> y conductor del programa <strong>Rep\u00fablica Deportiva<\/strong> de <strong>TUDN.<\/strong><\/p>\n<p><a href=\"https:\/\/facebook.us15.list-manage.com\/track\/click?u=d29e05f3cb957969a97f7b89e&amp;id=e32ffd3d4b&amp;e=48ce6451b1\" target=\"_blank\" rel=\"noopener\" data-saferedirecturl=\"https:\/\/www.google.com\/url?q=https:\/\/facebook.us15.list-manage.com\/track\/click?u%3Dd29e05f3cb957969a97f7b89e%26id%3De32ffd3d4b%26e%3D48ce6451b1&amp;source=gmail&amp;ust=1706153679775000&amp;usg=AOvVaw36esYFInwyqq9RVChh8ahA\"><strong>ESTILO DF<\/strong><\/a> es un semanario que abarca temas de moda, belleza, tecnolog\u00eda, actualidad y estilo de vida. Descarga la edici\u00f3n de <strong>Juli\u00e1n Gil<\/strong> aqu\u00ed:\u00a0<a href=\"https:\/\/facebook.us15.list-manage.com\/track\/click?u=d29e05f3cb957969a97f7b89e&amp;id=c0c5c8aab0&amp;e=48ce6451b1\" target=\"_blank\" rel=\"noopener\" data-saferedirecturl=\"https:\/\/www.google.com\/url?q=https:\/\/facebook.us15.list-manage.com\/track\/click?u%3Dd29e05f3cb957969a97f7b89e%26id%3Dc0c5c8aab0%26e%3D48ce6451b1&amp;source=gmail&amp;ust=1706153679775000&amp;usg=AOvVaw1wvsjOsJfNPlO-useZwfye\">https:\/\/issuu.com\/<wbr \/>grupoeditorialsimjor\/docs\/<wbr \/>edicion_668_1_x_1<\/a><\/p>\n<p>El p\u00fablico puede seguir a <strong>Juli\u00e1n Gil\u00a0<\/strong>y <strong>ESTILO DF<\/strong> a trav\u00e9s de sus redes sociales:<\/p>\n<p>Instagram <a href=\"https:\/\/facebook.us15.list-manage.com\/track\/click?u=d29e05f3cb957969a97f7b89e&amp;id=8b8860b2c9&amp;e=48ce6451b1\" target=\"_blank\" rel=\"noopener\" data-saferedirecturl=\"https:\/\/www.google.com\/url?q=https:\/\/facebook.us15.list-manage.com\/track\/click?u%3Dd29e05f3cb957969a97f7b89e%26id%3D8b8860b2c9%26e%3D48ce6451b1&amp;source=gmail&amp;ust=1706153679775000&amp;usg=AOvVaw3DF_hQZzCNZvDYdlHwCUkM\">@JulianGil<\/a> <a href=\"https:\/\/facebook.us15.list-manage.com\/track\/click?u=d29e05f3cb957969a97f7b89e&amp;id=3073513515&amp;e=48ce6451b1\" target=\"_blank\" rel=\"noopener\" data-saferedirecturl=\"https:\/\/www.google.com\/url?q=https:\/\/facebook.us15.list-manage.com\/track\/click?u%3Dd29e05f3cb957969a97f7b89e%26id%3D3073513515%26e%3D48ce6451b1&amp;source=gmail&amp;ust=1706153679775000&amp;usg=AOvVaw0Fxj9WNGgLrh_LWKSLM52b\">@EstiloDF<\/a><br \/>\nX\u00a0<a href=\"https:\/\/facebook.us15.list-manage.com\/track\/click?u=d29e05f3cb957969a97f7b89e&amp;id=cabf746e9f&amp;e=48ce6451b1\" target=\"_blank\" rel=\"noopener\" data-saferedirecturl=\"https:\/\/www.google.com\/url?q=https:\/\/facebook.us15.list-manage.com\/track\/click?u%3Dd29e05f3cb957969a97f7b89e%26id%3Dcabf746e9f%26e%3D48ce6451b1&amp;source=gmail&amp;ust=1706153679775000&amp;usg=AOvVaw23_4kpab_h9mAUlHxqUthK\">@JulianGil<\/a> <a href=\"https:\/\/facebook.us15.list-manage.com\/track\/click?u=d29e05f3cb957969a97f7b89e&amp;id=00903e41e4&amp;e=48ce6451b1\" target=\"_blank\" rel=\"noopener\" data-saferedirecturl=\"https:\/\/www.google.com\/url?q=https:\/\/facebook.us15.list-manage.com\/track\/click?u%3Dd29e05f3cb957969a97f7b89e%26id%3D00903e41e4%26e%3D48ce6451b1&amp;source=gmail&amp;ust=1706153679775000&amp;usg=AOvVaw1Gg-fZvz0i5_VmaDu-v8vy\">@EstiloDF<\/a><br \/>\nFacebook <a href=\"https:\/\/facebook.us15.list-manage.com\/track\/click?u=d29e05f3cb957969a97f7b89e&amp;id=56f5ed650e&amp;e=48ce6451b1\" target=\"_blank\" rel=\"noopener\" data-saferedirecturl=\"https:\/\/www.google.com\/url?q=https:\/\/facebook.us15.list-manage.com\/track\/click?u%3Dd29e05f3cb957969a97f7b89e%26id%3D56f5ed650e%26e%3D48ce6451b1&amp;source=gmail&amp;ust=1706153679775000&amp;usg=AOvVaw0vG1N1ZAiY37DHPdJogEr2\">@JulianGil<\/a> <a href=\"https:\/\/facebook.us15.list-manage.com\/track\/click?u=d29e05f3cb957969a97f7b89e&amp;id=b19bffc455&amp;e=48ce6451b1\" target=\"_blank\" rel=\"noopener\" data-saferedirecturl=\"https:\/\/www.google.com\/url?q=https:\/\/facebook.us15.list-manage.com\/track\/click?u%3Dd29e05f3cb957969a97f7b89e%26id%3Db19bffc455%26e%3D48ce6451b1&amp;source=gmail&amp;ust=1706153679775000&amp;usg=AOvVaw1z-iD5z8xgitNG2SaSbebJ\">@EstiloDF<\/a><br \/>\n<a href=\"https:\/\/facebook.us15.list-manage.com\/track\/click?u=d29e05f3cb957969a97f7b89e&amp;id=013eb5a2e6&amp;e=48ce6451b1\" target=\"_blank\" rel=\"noopener\" data-saferedirecturl=\"https:\/\/www.google.com\/url?q=https:\/\/facebook.us15.list-manage.com\/track\/click?u%3Dd29e05f3cb957969a97f7b89e%26id%3D013eb5a2e6%26e%3D48ce6451b1&amp;source=gmail&amp;ust=1706153679775000&amp;usg=AOvVaw3T0taXLG_gFWT-rUvMkVAP\">https:\/\/www.youtube.com\/<wbr \/>shorts\/FsL7l46Prdw<\/a><\/p>\n","protected":false},"excerpt":{"rendered":"<p>El actor y conductor Juli\u00e1n Gil\u00a0inicia el a\u00f1o engalanado la portada de ESTILO DF La prestigiosa revista mexicana le realiz\u00f3 un reportaje sobre su trayectoria actoral y su vida personal al lado de su novia Valeria Mar\u00edn. Adem\u00e1s de la bendici\u00f3n de ser abuelo, su hija Nicolle dar\u00e1 vida a Oliver, primer nieto del actor. [&hellip;]<\/p>\n","protected":false},"author":2,"featured_media":21030,"comment_status":"closed","ping_status":"open","sticky":false,"template":"","format":"standard","meta":[],"categories":[93,146,2],"tags":[1176,9947],"wppr_data":{"cwp_meta_box_check":"No"},"_links":{"self":[{"href":"https:\/\/www.notaoficial.com\/s\/wp-json\/wp\/v2\/posts\/21029"}],"collection":[{"href":"https:\/\/www.notaoficial.com\/s\/wp-json\/wp\/v2\/posts"}],"about":[{"href":"https:\/\/www.notaoficial.com\/s\/wp-json\/wp\/v2\/types\/post"}],"author":[{"embeddable":true,"href":"https:\/\/www.notaoficial.com\/s\/wp-json\/wp\/v2\/users\/2"}],"replies":[{"embeddable":true,"href":"https:\/\/www.notaoficial.com\/s\/wp-json\/wp\/v2\/comments?post=21029"}],"version-history":[{"count":1,"href":"https:\/\/www.notaoficial.com\/s\/wp-json\/wp\/v2\/posts\/21029\/revisions"}],"predecessor-version":[{"id":21031,"href":"https:\/\/www.notaoficial.com\/s\/wp-json\/wp\/v2\/posts\/21029\/revisions\/21031"}],"wp:featuredmedia":[{"embeddable":true,"href":"https:\/\/www.notaoficial.com\/s\/wp-json\/wp\/v2\/media\/21030"}],"wp:attachment":[{"href":"https:\/\/www.notaoficial.com\/s\/wp-json\/wp\/v2\/media?parent=21029"}],"wp:term":[{"taxonomy":"category","embeddable":true,"href":"https:\/\/www.notaoficial.com\/s\/wp-json\/wp\/v2\/categories?post=21029"},{"taxonomy":"post_tag","embeddable":true,"href":"https:\/\/www.notaoficial.com\/s\/wp-json\/wp\/v2\/tags?post=21029"}],"curies":[{"name":"wp","href":"https:\/\/api.w.org\/{rel}","templated":true}]}}