{"id":21044,"date":"2024-01-24T23:47:37","date_gmt":"2024-01-25T03:47:37","guid":{"rendered":"https:\/\/www.notaoficial.com\/s\/?p=21044"},"modified":"2024-01-24T23:47:37","modified_gmt":"2024-01-25T03:47:37","slug":"el-chakal-del-sur-lanza-un-tema-profundo-sobre-el-amor","status":"publish","type":"post","link":"https:\/\/www.notaoficial.com\/s\/2024\/01\/24\/el-chakal-del-sur-lanza-un-tema-profundo-sobre-el-amor\/","title":{"rendered":"El Chakal del Sur lanza un tema profundo sobre el amor"},"content":{"rendered":"<p>El talentoso artista de m\u00fasica popular, oriundo del municipio de Tello, huila, <a href=\"https:\/\/www.instagram.com\/chakaldelsur\/\"><b>\u00abEl Chakal del Sur\u00bb<\/b><\/a> presenta <b>\u00abPor Convencida\u00bb<\/b>, una canci\u00f3n que no solo destaca su distintiva voz, sino que tambi\u00e9n sumerge a los oyentes en una conmovedora historia sobre las complejidades del amor y las decisiones impulsivas.<\/p>\n<p>Despu\u00e9s de retomar su carrera art\u00edstica llega con el tema <b>\u00abPor Convencida\u201d<\/b>, su nueva apuesta en la industria musical, de la mano de la composici\u00f3n de Fabio Nelson Silva y Mart\u00edn Hortua surge la inspiraci\u00f3n \u00fanica de esta canci\u00f3n.<\/p>\n<p><b>\u00abEl Chakal del Sur\u00bb<\/b>, utiliza su caracter\u00edstica voz y habilidad para plasmar la realidad en letras y tejer una narrativa musical que captura el drama y la iron\u00eda de las decisiones en las relaciones humanas. La canci\u00f3n refleja la sorpresa y el arrepentimiento de una persona que, con convicci\u00f3n, decide abandonar una relaci\u00f3n, solo para enfrentarlas consecuencias inesperadas de su elecci\u00f3n.<\/p>\n<p><i>\u00abEn mi m\u00fasica, busco trascender m\u00e1s all\u00e1 delas melod\u00edas y las palabras. Mi objetivo es tocar los corazones, despertar emociones y construir conexiones entre las experiencias humanas. La m\u00fasica es mi herramienta para tejer historias que inspiren y perduren en el alma de quienes me escuchan\u00bb.<\/i><\/p>\n<p>Dice <b>\u201cEl Chakal del Sur\u201d<\/b>.<\/p>\n<p>El video, dirigido por Jonathan Rubio y producido por Rubio Studios, narra la historia de una relaci\u00f3n marcada por decisiones impulsivas. Comienza con la protagonista radiante y llena de alegr\u00eda, siguiendo un nuevo camino en su vida. Sin embargo, a medida que la trama se desarrolla, el video revela el giro inesperado en la historia, mostrando la soledad y las consecuencias de las elecciones apresuradas. La direcci\u00f3n estuvo a cargo de Jonathan Rubio y fue grabado en la ciudad de Pereira.<\/p>\n<p><b>\u00abPor Convencida\u00bb<\/b> es un testimonio sonoro de las complejidades del amor y las relaciones, llevando la firma distintiva de <b>\u00abEl Chakal del Sur\u00bb<\/b> en cada nota y cada palabra.<\/p>\n<p>&nbsp;<\/p>\n","protected":false},"excerpt":{"rendered":"<p>El talentoso artista de m\u00fasica popular, oriundo del municipio de Tello, huila, \u00abEl Chakal del Sur\u00bb presenta \u00abPor Convencida\u00bb, una canci\u00f3n que no solo destaca su distintiva voz, sino que tambi\u00e9n sumerge a los oyentes en una conmovedora historia sobre las complejidades del amor y las decisiones impulsivas. Despu\u00e9s de retomar su carrera art\u00edstica llega [&hellip;]<\/p>\n","protected":false},"author":2,"featured_media":21045,"comment_status":"closed","ping_status":"open","sticky":false,"template":"","format":"standard","meta":[],"categories":[93,146,2],"tags":[1371,381],"wppr_data":{"cwp_meta_box_check":"No"},"_links":{"self":[{"href":"https:\/\/www.notaoficial.com\/s\/wp-json\/wp\/v2\/posts\/21044"}],"collection":[{"href":"https:\/\/www.notaoficial.com\/s\/wp-json\/wp\/v2\/posts"}],"about":[{"href":"https:\/\/www.notaoficial.com\/s\/wp-json\/wp\/v2\/types\/post"}],"author":[{"embeddable":true,"href":"https:\/\/www.notaoficial.com\/s\/wp-json\/wp\/v2\/users\/2"}],"replies":[{"embeddable":true,"href":"https:\/\/www.notaoficial.com\/s\/wp-json\/wp\/v2\/comments?post=21044"}],"version-history":[{"count":1,"href":"https:\/\/www.notaoficial.com\/s\/wp-json\/wp\/v2\/posts\/21044\/revisions"}],"predecessor-version":[{"id":21046,"href":"https:\/\/www.notaoficial.com\/s\/wp-json\/wp\/v2\/posts\/21044\/revisions\/21046"}],"wp:featuredmedia":[{"embeddable":true,"href":"https:\/\/www.notaoficial.com\/s\/wp-json\/wp\/v2\/media\/21045"}],"wp:attachment":[{"href":"https:\/\/www.notaoficial.com\/s\/wp-json\/wp\/v2\/media?parent=21044"}],"wp:term":[{"taxonomy":"category","embeddable":true,"href":"https:\/\/www.notaoficial.com\/s\/wp-json\/wp\/v2\/categories?post=21044"},{"taxonomy":"post_tag","embeddable":true,"href":"https:\/\/www.notaoficial.com\/s\/wp-json\/wp\/v2\/tags?post=21044"}],"curies":[{"name":"wp","href":"https:\/\/api.w.org\/{rel}","templated":true}]}}