{"id":21062,"date":"2024-01-26T23:58:51","date_gmt":"2024-01-27T03:58:51","guid":{"rendered":"https:\/\/www.notaoficial.com\/s\/?p=21062"},"modified":"2024-01-26T23:58:51","modified_gmt":"2024-01-27T03:58:51","slug":"despedida-de-susy-g-un-viaje-emocional-que-resuena-en-el-alma","status":"publish","type":"post","link":"https:\/\/www.notaoficial.com\/s\/2024\/01\/26\/despedida-de-susy-g-un-viaje-emocional-que-resuena-en-el-alma\/","title":{"rendered":"\u00abDespedida\u00bb de Susy G, un viaje emocional que resuena en el alma"},"content":{"rendered":"<p>En la antesala del lanzamiento de \u00abDespedida\u00bb,\u00a0<b>Susy G @susygoficial\u00a0<\/b>desea sumergir a sus seguidores en la narrativa detr\u00e1s de esta potente canci\u00f3n. La letra, cuidadosamente elaborada, no solo refleja la experiencia personal de la artista, sino que tambi\u00e9n se convierte en un espejo en el que muchos oyentes podr\u00e1n ver sus propias vivencias. A trav\u00e9s de cada nota, \u00abDespedida\u00bb se convierte en un veh\u00edculo de catarsis, donde el desamor se transforma en fortaleza.<\/p>\n<p>El video musical, dirigido por Jota F Creativo, no solo captura la esencia de la canci\u00f3n, sino que tambi\u00e9n presenta una coreograf\u00eda visual que resalta la intensidad emocional de la historia. Filmado en diferentes locaciones de Medell\u00edn, el video es un viaje simb\u00f3lico que complementa la trama de \u00abDespedida\u00bb. Desde las callejuelas hist\u00f3ricas hasta los paisajes urbanos modernos, cada escena refleja la complejidad de las emociones que la canci\u00f3n busca transmitir.<\/p>\n<p>\u00abDespedida\u00bb no solo es una canci\u00f3n de desamor, es una declaraci\u00f3n de independencia emocional. En este tema, Susy G no solo comparte su historia, sino que tambi\u00e9n brinda un espacio para que cada oyente procese sus propias experiencias. \u00abQuer\u00eda crear algo m\u00e1s que m\u00fasica; quer\u00eda crear una conexi\u00f3n emocional\u00bb, comenta Susy G.<\/p>\n<p>La canci\u00f3n bajo el sello discogr\u00e1fico AML Records y la producci\u00f3n de Ussa han permitido que \u00abDespedida\u00bb alcance nuevas alturas. La mezcla de elementos contempor\u00e1neos en la producci\u00f3n musical a\u00f1ade capas de complejidad a la canci\u00f3n, elev\u00e1ndola de una simple melod\u00eda a una experiencia sensorial completa.<\/p>\n<p>Con \u00abDespedida\u00bb, Susy G invita al mundo a sumergirse en una experiencia musical que va m\u00e1s all\u00e1 de las etiquetas de g\u00e9nero. Es una celebraci\u00f3n de la resiliencia femenina, una catarsis compartida, y un recordatorio de que cada despedida puede ser el comienzo de un nuevo cap\u00edtulo lleno de autoestima y valent\u00eda.<\/p>\n<p>No se pierdan el lanzamiento mundial de \u00abDespedida\u00bb, marcando un hito en la carrera de Susy G y prometiendo resonar en los corazones de todos aquellos que han amado y perdido.<span style=\"color: #888888;\"><br clear=\"all\" \/><\/span><\/p>\n","protected":false},"excerpt":{"rendered":"<p>En la antesala del lanzamiento de \u00abDespedida\u00bb,\u00a0Susy G @susygoficial\u00a0desea sumergir a sus seguidores en la narrativa detr\u00e1s de esta potente canci\u00f3n. La letra, cuidadosamente elaborada, no solo refleja la experiencia personal de la artista, sino que tambi\u00e9n se convierte en un espejo en el que muchos oyentes podr\u00e1n ver sus propias vivencias. A trav\u00e9s de [&hellip;]<\/p>\n","protected":false},"author":2,"featured_media":21063,"comment_status":"closed","ping_status":"open","sticky":false,"template":"","format":"standard","meta":[],"categories":[93,146,2],"tags":[1176,381],"wppr_data":{"cwp_meta_box_check":"No"},"_links":{"self":[{"href":"https:\/\/www.notaoficial.com\/s\/wp-json\/wp\/v2\/posts\/21062"}],"collection":[{"href":"https:\/\/www.notaoficial.com\/s\/wp-json\/wp\/v2\/posts"}],"about":[{"href":"https:\/\/www.notaoficial.com\/s\/wp-json\/wp\/v2\/types\/post"}],"author":[{"embeddable":true,"href":"https:\/\/www.notaoficial.com\/s\/wp-json\/wp\/v2\/users\/2"}],"replies":[{"embeddable":true,"href":"https:\/\/www.notaoficial.com\/s\/wp-json\/wp\/v2\/comments?post=21062"}],"version-history":[{"count":1,"href":"https:\/\/www.notaoficial.com\/s\/wp-json\/wp\/v2\/posts\/21062\/revisions"}],"predecessor-version":[{"id":21064,"href":"https:\/\/www.notaoficial.com\/s\/wp-json\/wp\/v2\/posts\/21062\/revisions\/21064"}],"wp:featuredmedia":[{"embeddable":true,"href":"https:\/\/www.notaoficial.com\/s\/wp-json\/wp\/v2\/media\/21063"}],"wp:attachment":[{"href":"https:\/\/www.notaoficial.com\/s\/wp-json\/wp\/v2\/media?parent=21062"}],"wp:term":[{"taxonomy":"category","embeddable":true,"href":"https:\/\/www.notaoficial.com\/s\/wp-json\/wp\/v2\/categories?post=21062"},{"taxonomy":"post_tag","embeddable":true,"href":"https:\/\/www.notaoficial.com\/s\/wp-json\/wp\/v2\/tags?post=21062"}],"curies":[{"name":"wp","href":"https:\/\/api.w.org\/{rel}","templated":true}]}}