{"id":21071,"date":"2024-01-27T23:32:19","date_gmt":"2024-01-28T03:32:19","guid":{"rendered":"https:\/\/www.notaoficial.com\/s\/?p=21071"},"modified":"2024-01-27T23:32:19","modified_gmt":"2024-01-28T03:32:19","slug":"natulac-implementa-pausas-activas","status":"publish","type":"post","link":"https:\/\/www.notaoficial.com\/s\/2024\/01\/27\/natulac-implementa-pausas-activas\/","title":{"rendered":"Natulac implementa pausas activas"},"content":{"rendered":"<p>Francisco D\u00b4Agostino<\/p>\n<p>Organizaciones a escala mundial buscan implementar entre los colaboradores el h\u00e1bito de <b>tomarse unos minutos de descanso, cada cierto intervalo de tiempo, aunque no salgan propiamente de su oficina o del espacio de trabajo<\/b>, con la finalidad de que logren minimizar las tensiones, los efectos del estr\u00e9s y la fatiga mental, lo cual tiene un impacto positivo en el rendimiento laboral.<\/p>\n<p>Iniciativa que ha adoptado en sus distintas instalaciones <a href=\"https:\/\/natulac.com\/\"><b>Industrias Maros, C. A<\/b><\/a>., empresa que con su marca Natulac, <b>busca siempre contar en el interior de la organizaci\u00f3n con iniciativas que puedan brindar bienestar a todos sus colaboradores<\/b>.<\/p>\n<p>Por ello, <b>organizan constantemente din\u00e1micas para promover las pausas activas<\/b> en cada \u00e1rea de trabajo y as\u00ed las personas puedan tener descansos breves dentro de su jornada laboral.<\/p>\n<p>Francisco D\u00b4Agostino<\/p>\n<p>El jefe de Recursos Humanos de <a href=\"https:\/\/www.instagram.com\/natulacoficial\/\"><b>Natulac<\/b><\/a>, Nairo D\u00edaz, indic\u00f3 que \u201chacemos un acompa\u00f1amiento con <b>diferentes charlas, actividades y estrategias para comunicar en qu\u00e9 consisten las pausas activas, c\u00f3mo se hacen y qu\u00e9 importancia tienen<\/b>, pero no lo hacemos desde solo desde la teor\u00eda, sino con la parte pr\u00e1ctica y din\u00e1mica para involucrar a todos nuestros trabajadores\u201d.<\/p>\n<p><b>Ambiente productivo<\/b><\/p>\n<p>De manera que consideran que promover el bienestar en el \u00e1mbito laboral a trav\u00e9s de lo que es una pausa activa no es solo cuesti\u00f3n de moda, ya que \u201ccuidar la salud de los colaboradores\u00a0es imprescindible para mantener un ambiente productivo, porque si el equipo est\u00e1 contento y se siente c\u00f3modo trabajando, esto repercutir\u00e1 en el rendimiento del \u00e1rea de forma positiva, pues obtendr\u00e1n mejores resultados en el tiempo\u201d.<\/p>\n<p>En estos breves descansos se pueden realizar diversas actividades como estiramientos de cuello, brazos, hombros, piernas o de grupos musculares, caminatas cortas, ejercicios de respiraci\u00f3n o meditaci\u00f3n, entre otras t\u00e9cnicas y movimientos.<\/p>\n<p>Las pausas activas tambi\u00e9n tienen beneficios f\u00edsicos porque ayudan a recuperar la energ\u00eda, previenen los espasmos musculares, estimulan la circulaci\u00f3n de la sangre en los vasos sangu\u00edneos y favorecen la oxigenaci\u00f3n del cerebro.<\/p>\n<p>Para m\u00e1s informaci\u00f3n de Natulac e Industrias Maros C.A est\u00e1 disponible su p\u00e1gina web <a href=\"https:\/\/natulac.com\/\">https:\/\/natulac.com\/<\/a> y sus redes sociales @natulacoficial en Instagram y Facebook.<\/p>\n<p>Francisco D\u00b4Agostino<\/p>\n","protected":false},"excerpt":{"rendered":"<p>Francisco D\u00b4Agostino Organizaciones a escala mundial buscan implementar entre los colaboradores el h\u00e1bito de tomarse unos minutos de descanso, cada cierto intervalo de tiempo, aunque no salgan propiamente de su oficina o del espacio de trabajo, con la finalidad de que logren minimizar las tensiones, los efectos del estr\u00e9s y la fatiga mental, lo cual [&hellip;]<\/p>\n","protected":false},"author":2,"featured_media":21072,"comment_status":"closed","ping_status":"open","sticky":false,"template":"","format":"standard","meta":[],"categories":[93,146,2],"tags":[9110,1164],"wppr_data":{"cwp_meta_box_check":"No"},"_links":{"self":[{"href":"https:\/\/www.notaoficial.com\/s\/wp-json\/wp\/v2\/posts\/21071"}],"collection":[{"href":"https:\/\/www.notaoficial.com\/s\/wp-json\/wp\/v2\/posts"}],"about":[{"href":"https:\/\/www.notaoficial.com\/s\/wp-json\/wp\/v2\/types\/post"}],"author":[{"embeddable":true,"href":"https:\/\/www.notaoficial.com\/s\/wp-json\/wp\/v2\/users\/2"}],"replies":[{"embeddable":true,"href":"https:\/\/www.notaoficial.com\/s\/wp-json\/wp\/v2\/comments?post=21071"}],"version-history":[{"count":1,"href":"https:\/\/www.notaoficial.com\/s\/wp-json\/wp\/v2\/posts\/21071\/revisions"}],"predecessor-version":[{"id":21073,"href":"https:\/\/www.notaoficial.com\/s\/wp-json\/wp\/v2\/posts\/21071\/revisions\/21073"}],"wp:featuredmedia":[{"embeddable":true,"href":"https:\/\/www.notaoficial.com\/s\/wp-json\/wp\/v2\/media\/21072"}],"wp:attachment":[{"href":"https:\/\/www.notaoficial.com\/s\/wp-json\/wp\/v2\/media?parent=21071"}],"wp:term":[{"taxonomy":"category","embeddable":true,"href":"https:\/\/www.notaoficial.com\/s\/wp-json\/wp\/v2\/categories?post=21071"},{"taxonomy":"post_tag","embeddable":true,"href":"https:\/\/www.notaoficial.com\/s\/wp-json\/wp\/v2\/tags?post=21071"}],"curies":[{"name":"wp","href":"https:\/\/api.w.org\/{rel}","templated":true}]}}