{"id":21074,"date":"2024-01-27T23:40:57","date_gmt":"2024-01-28T03:40:57","guid":{"rendered":"https:\/\/www.notaoficial.com\/s\/?p=21074"},"modified":"2024-01-27T23:40:57","modified_gmt":"2024-01-28T03:40:57","slug":"tokischa-destaca-en-el-show-de-jean-paul-gaultier","status":"publish","type":"post","link":"https:\/\/www.notaoficial.com\/s\/2024\/01\/27\/tokischa-destaca-en-el-show-de-jean-paul-gaultier\/","title":{"rendered":"Tokischa destaca en el show de Jean Paul Gaultier"},"content":{"rendered":"<p>La destacada figura Tokischa\u00a0(@tokischa.popola), ha capturado nuevamente la atenci\u00f3n en la pasarela de Jean Paul Gaultier durante la Semana de la Moda de Par\u00eds 2024. En su segunda aparici\u00f3n en el prestigioso evento, la artista llev\u00f3 un conjunto exclusivo seleccionado por el estilista @b8tlyn, que se inspir\u00f3 en los looks ic\u00f3nicos de JPG de 1996 y 2011.<\/p>\n<p>El atuendo, cuidadosamente elegido de los archivos de Jean Paul Gaultier, refleja la fusi\u00f3n de estilos que caracteriza la marca. La creatividad y la innovaci\u00f3n fueron evidentes en cada detalle, destacando la visi\u00f3n atemporal de Gaultier en el mundo de la moda.<\/p>\n<p>El maquillaje, a cargo del colombiano y talentoso Marcelo Guti\u00e9rrez @marcelogutierrez, fue una obra maestra inspirada en la pureza y la elegancia del hielo. Cada elemento del look contribuy\u00f3 a la creaci\u00f3n de una presencia impactante en la pasarela.<\/p>\n<p>Este evento marca otro hito en la relaci\u00f3n entre Tokischa y Jean Paul Gaultier, consolidando su posici\u00f3n como una influencia destacada en el mundo de la moda contempor\u00e1nea.<\/p>\n<p>Adem\u00e1s de su participaci\u00f3n en la pasarela, Tokischa est\u00e1 preparando el lanzamiento de nueva m\u00fasica, consolidando as\u00ed su posici\u00f3n como una artista multifac\u00e9tica con proyecci\u00f3n internacional. Su capacidad para romper barreras y fusionar diferentes expresiones art\u00edsticas la ha convertido en un referente para la nueva generaci\u00f3n de artistas que buscan trascender fronteras.<\/p>\n<p>En una breve declaraci\u00f3n, Tokischa expres\u00f3 su emoci\u00f3n por formar parte de un evento tan prestigioso y su agradecimiento a Gaultier por la oportunidad. \u00abLa moda y la m\u00fasica son formas de expresi\u00f3n que van de la mano. Estoy emocionada de seguir explorando estas facetas de mi creatividad y compartirlas con el mundo\u00bb, coment\u00f3 la artista.<\/p>\n<p>Con su presencia impactante y su habilidad para fusionar m\u00fasica y moda de manera \u00fanica, Tokischa contin\u00faa siendo una fuerza a tener en cuenta en la escena art\u00edstica global. Mant\u00e9nganse atentos para m\u00e1s novedades sobre su carrera y proyectos futuros.<span style=\"color: #888888;\"><br clear=\"all\" \/><\/span><\/p>\n","protected":false},"excerpt":{"rendered":"<p>La destacada figura Tokischa\u00a0(@tokischa.popola), ha capturado nuevamente la atenci\u00f3n en la pasarela de Jean Paul Gaultier durante la Semana de la Moda de Par\u00eds 2024. En su segunda aparici\u00f3n en el prestigioso evento, la artista llev\u00f3 un conjunto exclusivo seleccionado por el estilista @b8tlyn, que se inspir\u00f3 en los looks ic\u00f3nicos de JPG de 1996 [&hellip;]<\/p>\n","protected":false},"author":2,"featured_media":21075,"comment_status":"closed","ping_status":"open","sticky":false,"template":"","format":"standard","meta":[],"categories":[93,146,2],"tags":[9934,10380],"wppr_data":{"cwp_meta_box_check":"No"},"_links":{"self":[{"href":"https:\/\/www.notaoficial.com\/s\/wp-json\/wp\/v2\/posts\/21074"}],"collection":[{"href":"https:\/\/www.notaoficial.com\/s\/wp-json\/wp\/v2\/posts"}],"about":[{"href":"https:\/\/www.notaoficial.com\/s\/wp-json\/wp\/v2\/types\/post"}],"author":[{"embeddable":true,"href":"https:\/\/www.notaoficial.com\/s\/wp-json\/wp\/v2\/users\/2"}],"replies":[{"embeddable":true,"href":"https:\/\/www.notaoficial.com\/s\/wp-json\/wp\/v2\/comments?post=21074"}],"version-history":[{"count":1,"href":"https:\/\/www.notaoficial.com\/s\/wp-json\/wp\/v2\/posts\/21074\/revisions"}],"predecessor-version":[{"id":21076,"href":"https:\/\/www.notaoficial.com\/s\/wp-json\/wp\/v2\/posts\/21074\/revisions\/21076"}],"wp:featuredmedia":[{"embeddable":true,"href":"https:\/\/www.notaoficial.com\/s\/wp-json\/wp\/v2\/media\/21075"}],"wp:attachment":[{"href":"https:\/\/www.notaoficial.com\/s\/wp-json\/wp\/v2\/media?parent=21074"}],"wp:term":[{"taxonomy":"category","embeddable":true,"href":"https:\/\/www.notaoficial.com\/s\/wp-json\/wp\/v2\/categories?post=21074"},{"taxonomy":"post_tag","embeddable":true,"href":"https:\/\/www.notaoficial.com\/s\/wp-json\/wp\/v2\/tags?post=21074"}],"curies":[{"name":"wp","href":"https:\/\/api.w.org\/{rel}","templated":true}]}}