{"id":21104,"date":"2024-01-30T00:08:46","date_gmt":"2024-01-30T04:08:46","guid":{"rendered":"https:\/\/www.notaoficial.com\/s\/?p=21104"},"modified":"2024-01-30T00:08:46","modified_gmt":"2024-01-30T04:08:46","slug":"osman-enciende-el-mundo-musical-con-amuleto","status":"publish","type":"post","link":"https:\/\/www.notaoficial.com\/s\/2024\/01\/30\/osman-enciende-el-mundo-musical-con-amuleto\/","title":{"rendered":"OSMAN Enciende el Mundo Musical con \u00abAmuleto\u00bb"},"content":{"rendered":"<p>El fen\u00f3meno musical colombiano, OSMAN, conocido como \u00abLa Voz de Cartagena\u00bb, vuelve a capturar corazones y o\u00eddos con el lanzamiento de su m\u00e1s reciente sencillo \u00abAmuleto\u00bb. Este lanzamiento, bajo el sello de AP Global Music, nos sumerge en un contagioso ritmo urbano, enriquecido con las vibrantes melod\u00edas del Afrobeat.<\/p>\n<p>Tras el \u00e9xito de \u00abCupido\u00bb, OSMAN regresa con una propuesta fresca y audaz. \u00abAmuleto\u00bb no es solo una canci\u00f3n, es una celebraci\u00f3n de la vida, del amor, y de la conexi\u00f3n humana, todo ello envuelto en un ritmo que invita a bailar y sentir cada nota.<\/p>\n<p>La creatividad y el talento de OSMAN brillan en \u00abAmuleto\u00bb, mostrando una evoluci\u00f3n art\u00edstica impresionante. La combinaci\u00f3n de ritmos urbanos y elementos del Afrobeat crea una experiencia auditiva \u00fanica, que se queda resonando en la mente y el coraz\u00f3n.<\/p>\n<p>El estreno de \u00abAmuleto\u00bb viene acompa\u00f1ado de un video musical dirigido por Gabriell Graffer y Anthony S\u00e1nchez, Este video es un verdadero fest\u00edn visual, rebosante de color y buena vibra, que complementa a la perfecci\u00f3n la energ\u00eda de la canci\u00f3n.<\/p>\n<p>OSMAN, cuya carrera se ha caracterizado por su profunda conexi\u00f3n con sus ra\u00edces y una autenticidad innegable, contin\u00faa su camino en la industria musical, dejando una huella imborrable con cada nuevo lanzamiento. \u00abAmuleto\u00bb no es la excepci\u00f3n; es una muestra clara del talento y la pasi\u00f3n que este joven artista colombiano aporta al mundo de la m\u00fasica.<\/p>\n<p>Con una base de fans en crecimiento y un reconocimiento que trasciende fronteras, OSMAN est\u00e1 listo para conquistar a\u00fan m\u00e1s corazones y escenarios a nivel mundial.<\/p>\n<p>No te pierdas la oportunidad de sumergirte en el mundo de OSMAN con \u00abAmuleto\u00bb. Disponible en todas las plataformas digitales.<\/p>\n","protected":false},"excerpt":{"rendered":"<p>El fen\u00f3meno musical colombiano, OSMAN, conocido como \u00abLa Voz de Cartagena\u00bb, vuelve a capturar corazones y o\u00eddos con el lanzamiento de su m\u00e1s reciente sencillo \u00abAmuleto\u00bb. Este lanzamiento, bajo el sello de AP Global Music, nos sumerge en un contagioso ritmo urbano, enriquecido con las vibrantes melod\u00edas del Afrobeat. Tras el \u00e9xito de \u00abCupido\u00bb, OSMAN [&hellip;]<\/p>\n","protected":false},"author":2,"featured_media":21105,"comment_status":"closed","ping_status":"open","sticky":false,"template":"","format":"standard","meta":[],"categories":[93,146,2],"tags":[1371,381],"wppr_data":{"cwp_meta_box_check":"No"},"_links":{"self":[{"href":"https:\/\/www.notaoficial.com\/s\/wp-json\/wp\/v2\/posts\/21104"}],"collection":[{"href":"https:\/\/www.notaoficial.com\/s\/wp-json\/wp\/v2\/posts"}],"about":[{"href":"https:\/\/www.notaoficial.com\/s\/wp-json\/wp\/v2\/types\/post"}],"author":[{"embeddable":true,"href":"https:\/\/www.notaoficial.com\/s\/wp-json\/wp\/v2\/users\/2"}],"replies":[{"embeddable":true,"href":"https:\/\/www.notaoficial.com\/s\/wp-json\/wp\/v2\/comments?post=21104"}],"version-history":[{"count":1,"href":"https:\/\/www.notaoficial.com\/s\/wp-json\/wp\/v2\/posts\/21104\/revisions"}],"predecessor-version":[{"id":21106,"href":"https:\/\/www.notaoficial.com\/s\/wp-json\/wp\/v2\/posts\/21104\/revisions\/21106"}],"wp:featuredmedia":[{"embeddable":true,"href":"https:\/\/www.notaoficial.com\/s\/wp-json\/wp\/v2\/media\/21105"}],"wp:attachment":[{"href":"https:\/\/www.notaoficial.com\/s\/wp-json\/wp\/v2\/media?parent=21104"}],"wp:term":[{"taxonomy":"category","embeddable":true,"href":"https:\/\/www.notaoficial.com\/s\/wp-json\/wp\/v2\/categories?post=21104"},{"taxonomy":"post_tag","embeddable":true,"href":"https:\/\/www.notaoficial.com\/s\/wp-json\/wp\/v2\/tags?post=21104"}],"curies":[{"name":"wp","href":"https:\/\/api.w.org\/{rel}","templated":true}]}}