{"id":21120,"date":"2024-01-30T23:50:13","date_gmt":"2024-01-31T03:50:13","guid":{"rendered":"https:\/\/www.notaoficial.com\/s\/?p=21120"},"modified":"2024-01-30T23:50:13","modified_gmt":"2024-01-31T03:50:13","slug":"felix-o-rodriguez-lanza-su-nueva-cancion-no-a-la-delincuencia-no-a-la-violencia","status":"publish","type":"post","link":"https:\/\/www.notaoficial.com\/s\/2024\/01\/30\/felix-o-rodriguez-lanza-su-nueva-cancion-no-a-la-delincuencia-no-a-la-violencia\/","title":{"rendered":"F\u00e9lix O. Rodr\u00edguez lanza su nueva canci\u00f3n \u201cNo A La Delincuencia, No A La Violencia\u201d"},"content":{"rendered":"<p align=\"justify\">El productor, arreglista y trombonista <strong>F\u00e9lix O. Rodr\u00edguez<\/strong> acaba de lanzar su nueva canci\u00f3n titulada <strong>\u201cNo A La Delincuencia, No A La Violencia\u201d<\/strong>. Se trata de una salsa cl\u00e1sica con un tema de actualidad, que denuncia la situaci\u00f3n de inseguridad y violencia que vive el pueblo.<\/p>\n<p align=\"justify\">La letra de la canci\u00f3n es una composici\u00f3n del paname\u00f1o Juan A. Caballero, quien se inspir\u00f3 en las vivencias de los ciudadanos que est\u00e1n cansados de la delincuencia y la violencia en su pa\u00eds. \u201cEs una canci\u00f3n que invita a la reflexi\u00f3n y a la acci\u00f3n. Los ciudadanos, que ya no aguantan m\u00e1s, gritan en alta voz \u00a1Basta ya! y exigen a las autoridades que tomen medidas para garantizar la paz y la tranquilidad\u201d, explica el autor.<\/p>\n<p align=\"justify\">El arreglo musical fue hecho por el propio F\u00e9lix O. Rodr\u00edguez, quien ha trabajado con artistas como Joao Jos\u00e9, Eric Rosario, Deivis Olivero, entre otros. \u201cEs una salsa con sabor, con ritmo, con alegr\u00eda, pero tambi\u00e9n con un mensaje profundo y contundente. Queremos que la gente baile, pero tambi\u00e9n que piense y que se comprometa con el cambio social\u201d, afirma el productor.<\/p>\n<p align=\"justify\">La canci\u00f3n ya est\u00e1 disponible en las principales plataformas digitales de m\u00fasica, como Spotify, YouTube, Apple Music, etc. Tambi\u00e9n se puede escuchar en las emisoras de radio locales y nacionales. F\u00e9lix O. Rodr\u00edguez invita a todos los amantes de la salsa y de la buena m\u00fasica a escuchar su nueva canci\u00f3n y a compartirla con sus amigos y familiares: <a href=\"https:\/\/email.cloud2.secureclick.net\/c\/2102?id=465633.3349.1.8c946e9323fdccfd7c1e8000f0e2812a\" target=\"_blank\" rel=\"noopener\" data-saferedirecturl=\"https:\/\/www.google.com\/url?q=https:\/\/email.cloud2.secureclick.net\/c\/2102?id%3D465633.3349.1.8c946e9323fdccfd7c1e8000f0e2812a&amp;source=gmail&amp;ust=1706758693943000&amp;usg=AOvVaw0Q6Pa2q7drmdVCy8KGBUkG\">https:\/\/youtu.be\/FzPPRFUTxEQ<\/a><\/p>\n","protected":false},"excerpt":{"rendered":"<p>El productor, arreglista y trombonista F\u00e9lix O. Rodr\u00edguez acaba de lanzar su nueva canci\u00f3n titulada \u201cNo A La Delincuencia, No A La Violencia\u201d. Se trata de una salsa cl\u00e1sica con un tema de actualidad, que denuncia la situaci\u00f3n de inseguridad y violencia que vive el pueblo. La letra de la canci\u00f3n es una composici\u00f3n del [&hellip;]<\/p>\n","protected":false},"author":2,"featured_media":21121,"comment_status":"closed","ping_status":"open","sticky":false,"template":"","format":"standard","meta":[],"categories":[93,146,2],"tags":[1371,381],"wppr_data":{"cwp_meta_box_check":"No"},"_links":{"self":[{"href":"https:\/\/www.notaoficial.com\/s\/wp-json\/wp\/v2\/posts\/21120"}],"collection":[{"href":"https:\/\/www.notaoficial.com\/s\/wp-json\/wp\/v2\/posts"}],"about":[{"href":"https:\/\/www.notaoficial.com\/s\/wp-json\/wp\/v2\/types\/post"}],"author":[{"embeddable":true,"href":"https:\/\/www.notaoficial.com\/s\/wp-json\/wp\/v2\/users\/2"}],"replies":[{"embeddable":true,"href":"https:\/\/www.notaoficial.com\/s\/wp-json\/wp\/v2\/comments?post=21120"}],"version-history":[{"count":1,"href":"https:\/\/www.notaoficial.com\/s\/wp-json\/wp\/v2\/posts\/21120\/revisions"}],"predecessor-version":[{"id":21122,"href":"https:\/\/www.notaoficial.com\/s\/wp-json\/wp\/v2\/posts\/21120\/revisions\/21122"}],"wp:featuredmedia":[{"embeddable":true,"href":"https:\/\/www.notaoficial.com\/s\/wp-json\/wp\/v2\/media\/21121"}],"wp:attachment":[{"href":"https:\/\/www.notaoficial.com\/s\/wp-json\/wp\/v2\/media?parent=21120"}],"wp:term":[{"taxonomy":"category","embeddable":true,"href":"https:\/\/www.notaoficial.com\/s\/wp-json\/wp\/v2\/categories?post=21120"},{"taxonomy":"post_tag","embeddable":true,"href":"https:\/\/www.notaoficial.com\/s\/wp-json\/wp\/v2\/tags?post=21120"}],"curies":[{"name":"wp","href":"https:\/\/api.w.org\/{rel}","templated":true}]}}