{"id":21136,"date":"2024-01-31T23:49:27","date_gmt":"2024-02-01T03:49:27","guid":{"rendered":"https:\/\/www.notaoficial.com\/s\/?p=21136"},"modified":"2024-01-31T23:49:27","modified_gmt":"2024-02-01T03:49:27","slug":"irma-kache-lanza-su-primer-album-de-salsa-con-clase-y-sabor","status":"publish","type":"post","link":"https:\/\/www.notaoficial.com\/s\/2024\/01\/31\/irma-kache-lanza-su-primer-album-de-salsa-con-clase-y-sabor\/","title":{"rendered":"Irma Kach\u00e9 lanza su primer \u00e1lbum de salsa \u201cCon Clase y Sabor\u201d"},"content":{"rendered":"<p align=\"justify\">La cantante puertorrique\u00f1a <strong>Irma Kach\u00e9<\/strong>, radicada en Nueva York, ha lanzado su primer \u00e1lbum de salsa titulado <strong>\u201cCon Clase y Sabor\u201d<\/strong>, una producci\u00f3n musical que refleja su talento, pasi\u00f3n y versatilidad. El \u00e1lbum contiene ocho temas, entre los que se destacan cinco salsas y un bolero, con arreglos y composiciones de Miguel Pi\u00f1eiro, su mentor, representante e instructor musical.<\/p>\n<p align=\"justify\">Los temas que conforman el \u00e1lbum son: <em>\u201cEso Se Acab\u00f3\u201d, \u201cEl Fuego Del Amor\u201d, \u201cSiete Minutos\u201d, \u201cEl Vacil\u00f3n\u201d, \u201cMi Novio Feo\u201d, \u201cLa Raz\u00f3n de Mi Vida\u201d, \u201cEl Fuego del Amor (Samba House Remix)\u201d y \u201cEso Se Acab\u00f3 (Reggaeton Remix)\u201d.<\/em> Cada uno de ellos tiene un estilo propio y una letra que transmite sentimientos, emociones y mensajes positivos.<\/p>\n<p align=\"justify\">Irma Kach\u00e9 inici\u00f3 su carrera art\u00edstica en el a\u00f1o 2017, participando en diversos eventos culturales y sociales en la ciudad de Nueva York. En el 2022, tuvo la oportunidad de presentarse en el programa local de televisi\u00f3n Diamante Show, dirigido por Rosa Marrero y transmitido por MNN Public Access Cable NYC. All\u00ed conoci\u00f3 a Miguel Pi\u00f1eiro, un destacado m\u00fasico, guitarrista y compositor, que ha formado parte de varias agrupaciones como Grupo 1290, Grupo Voces, Tr\u00edo Sentimiento Latino, Conjunto Ta\u00edno, Orquesta L\u00edrica y Orquesta Son Borincano. Pi\u00f1eiro es el fundador y director musical de la Orquesta Salsa Libre NY, donde Irma Kach\u00e9 es la cantante principal desde el 2008.<\/p>\n<p align=\"justify\">Para la realizaci\u00f3n de su primer \u00e1lbum de salsa, Irma Kach\u00e9 cont\u00f3 con la colaboraci\u00f3n de m\u00fasicos de nivel como Georgie Padilla en congas, bong\u00f3s, timbales y percusi\u00f3n menor; Jan-Aileen Duclerc Rodas en las trompetas; Harry R\u00edos en trombones y bajo; Anibal Hermosilla y Kevin Figueroa en el piano. Harry R\u00edos tambi\u00e9n se encarg\u00f3 de los arreglos musicales y la ingenier\u00eda de grabaci\u00f3n. Toda la producci\u00f3n visual, fotos, videos, dise\u00f1o gr\u00e1fico, mezcla y masterizaci\u00f3n estuvo a cargo del productor Arsenio Artie Rodr\u00edguez Jr. en Art Studios Bronx, NY.<\/p>\n<p align=\"justify\"><strong>Irma Kach\u00e9<\/strong> invita al p\u00fablico a escuchar y disfrutar de su \u00e1lbum <strong>\u201cCon Clase y Sabor\u201d<\/strong>, que est\u00e1 disponible en las principales plataformas digitales como Spotify, YouTube, Apple Music, entre otras. Tambi\u00e9n pueden seguir sus redes sociales para estar al tanto de sus pr\u00f3ximas presentaciones y novedades. Irma Kach\u00e9 agradece el apoyo de sus fans, familiares, amigos y medios de comunicaci\u00f3n, que han hecho posible este proyecto musical que representa su esencia como artista: <strong>\u201cCon Clase y Sabor\u201d<\/strong>.<\/p>\n<p align=\"justify\">Adem\u00e1s, actualmente se encuentra promocionando el tema <strong>\u201cEso Se Acab\u00f3\u201d<\/strong>, una canci\u00f3n de salsa, escrita por Miguel A. Pi\u00f1eiro y cuenta con excelentes arreglos para el bailador: <a href=\"https:\/\/email.cloud2.secureclick.net\/c\/2102?id=473447.3384.1.fe3d3211a233224f7a6069dc057ca4bc\" target=\"_blank\" rel=\"noopener\" data-saferedirecturl=\"https:\/\/www.google.com\/url?q=https:\/\/email.cloud2.secureclick.net\/c\/2102?id%3D473447.3384.1.fe3d3211a233224f7a6069dc057ca4bc&amp;source=gmail&amp;ust=1706843294092000&amp;usg=AOvVaw3TJ40m-CyQD1JI0nsARRA4\">https:\/\/www.youtube.com\/watch?<wbr \/>v=7O08Y2hYiNI<\/a><\/p>\n","protected":false},"excerpt":{"rendered":"<p>La cantante puertorrique\u00f1a Irma Kach\u00e9, radicada en Nueva York, ha lanzado su primer \u00e1lbum de salsa titulado \u201cCon Clase y Sabor\u201d, una producci\u00f3n musical que refleja su talento, pasi\u00f3n y versatilidad. El \u00e1lbum contiene ocho temas, entre los que se destacan cinco salsas y un bolero, con arreglos y composiciones de Miguel Pi\u00f1eiro, su mentor, [&hellip;]<\/p>\n","protected":false},"author":2,"featured_media":21137,"comment_status":"closed","ping_status":"open","sticky":false,"template":"","format":"standard","meta":[],"categories":[93,146,2],"tags":[1371,381],"wppr_data":{"cwp_meta_box_check":"No"},"_links":{"self":[{"href":"https:\/\/www.notaoficial.com\/s\/wp-json\/wp\/v2\/posts\/21136"}],"collection":[{"href":"https:\/\/www.notaoficial.com\/s\/wp-json\/wp\/v2\/posts"}],"about":[{"href":"https:\/\/www.notaoficial.com\/s\/wp-json\/wp\/v2\/types\/post"}],"author":[{"embeddable":true,"href":"https:\/\/www.notaoficial.com\/s\/wp-json\/wp\/v2\/users\/2"}],"replies":[{"embeddable":true,"href":"https:\/\/www.notaoficial.com\/s\/wp-json\/wp\/v2\/comments?post=21136"}],"version-history":[{"count":1,"href":"https:\/\/www.notaoficial.com\/s\/wp-json\/wp\/v2\/posts\/21136\/revisions"}],"predecessor-version":[{"id":21138,"href":"https:\/\/www.notaoficial.com\/s\/wp-json\/wp\/v2\/posts\/21136\/revisions\/21138"}],"wp:featuredmedia":[{"embeddable":true,"href":"https:\/\/www.notaoficial.com\/s\/wp-json\/wp\/v2\/media\/21137"}],"wp:attachment":[{"href":"https:\/\/www.notaoficial.com\/s\/wp-json\/wp\/v2\/media?parent=21136"}],"wp:term":[{"taxonomy":"category","embeddable":true,"href":"https:\/\/www.notaoficial.com\/s\/wp-json\/wp\/v2\/categories?post=21136"},{"taxonomy":"post_tag","embeddable":true,"href":"https:\/\/www.notaoficial.com\/s\/wp-json\/wp\/v2\/tags?post=21136"}],"curies":[{"name":"wp","href":"https:\/\/api.w.org\/{rel}","templated":true}]}}