{"id":21167,"date":"2024-02-04T00:45:20","date_gmt":"2024-02-04T04:45:20","guid":{"rendered":"https:\/\/www.notaoficial.com\/s\/?p=21167"},"modified":"2024-02-04T00:45:20","modified_gmt":"2024-02-04T04:45:20","slug":"anna-rotinova-y-goulnara-galimchina-ofrecen-recital-de-piano","status":"publish","type":"post","link":"https:\/\/www.notaoficial.com\/s\/2024\/02\/04\/anna-rotinova-y-goulnara-galimchina-ofrecen-recital-de-piano\/","title":{"rendered":"Anna Rotinova y Goulnara Galimchina  ofrecen recital de piano"},"content":{"rendered":"<p>El jueves 08 de febrero de 2024, a las 5:00 p.m., continuar\u00e1 el Ciclo de Recitales de Piano y Voz que se lleva a cabo en el Espacio Cultural del Centro Venezolano Americano, en Las Mercedes, con un concierto a cargo de la soprano Anna Rotinova y la pianista Goulnara Galimchina.<\/p>\n<p>Enmarcado en la programaci\u00f3n de recitales que se presenta en el CVA Las Mercedes una vez al mes a lo largo del a\u00f1o, este concierto contempla un variado repertorio que incluye piezas de Samuel Barber, Robert Schumann,\u00a0Inocente Carre\u00f1o, Nikolai Rimsky-Korsakov, \u00a0Sergei Rachmaninoff, Georgy Sviridov, Charles Gounod, Giacomo Puccini, Gian Carlo Menotti, Victor Herbert, y\u00a0George Gershwin<\/p>\n<p><strong>Anna Rotinova<\/strong>, soprano ruso-venezolana. Ha participado como solista en la Compa\u00f1\u00eda de \u00d3pera Teresa Carre\u00f1o, Compa\u00f1\u00eda Nacional de M\u00fasica y en la Escuela de M\u00fasica Antigua de El Sistema. Se ha presentado en los teatros m\u00e1s importantes del pa\u00eds junto orquestas como la Orquesta Filarm\u00f3nica Nacional, Orquesta Sinf\u00f3nica Municipal de Caracas, Orquesta Barroca Sim\u00f3n Bol\u00edvar, Orquesta Sinf\u00f3nica Venezuela y Orquesta Sinf\u00f3nica Gran Mariscal de Ayacucho, con la cual adem\u00e1s cant\u00f3 en la primera \u00f3pera hecha en la Concha Ac\u00fastica de Bello Monte, en el rol de Lauretta de la \u00f3pera Gianni Schicchi.<\/p>\n<p><strong>Goulnara Galimchina<\/strong>, pianista rusa, ganadora del <em>Concurso de J\u00f3venes Pianistas de Bashkiria<\/em>. <em>Diploma Summa Cum Laude<\/em> como solista, profesora y acompa\u00f1ante. Durante ese per\u00edodo gan\u00f3 el <em>Concurso Nacional de Piano de Saratov. <\/em>Realiza su postgrado en el <em>Conservatorio Tchaikovsky de Mosc\u00fa<\/em>, en la c\u00e1tedra de la profesora Vera Gornost\u00e1yeva. Igualmente tiene especializaci\u00f3n en la ejecuci\u00f3n del \u00f3rgano en la c\u00e1tedra de la profesora Natalia Gur\u00e9yeva. Como solista y pianista acompa\u00f1ante ha participado en los <em>Festivales Internacionales de Piano de Berl\u00edn<\/em>, <em>Los \u00c1ngeles<\/em>, <em>Festival Internacional de \u00d3rgano en Uf\u00e1<\/em>, <em>P\u00f3losk<\/em> y <em>Arj\u00e1nguelsk<\/em> . Llega a Venezuela en 1993. Ha sido docente en el <em>Conservatorio de la Orquesta Sim\u00f3n Bol\u00edvar <\/em>y en la <em>Academia Latinoamericana de Canto \u201cCarmen Teresa de Hurtado<\/em>\u201d. En 2021 grab\u00f3 el CD de F. Schubert. Se ha presentado en diversas salas de concierto del pa\u00eds y en Colombia, ha sido jurado en varios concursos nacionales de piano. Actualmente se desempe\u00f1a como profesora de piano en la <em>Escuela Experimental de M\u00fasica \u201cManuel Alberto L\u00f3pez\u201d<\/em>, el <em>Conservatorio Emil Friedman y Asesora Pedag\u00f3gica de la Escuela de Artes Integradas \u201cMaestro Jorge Serrano\u201d-<\/em> <em>Centro UNESCO.<\/em><\/p>\n<p>El recital con la soprano Anna Rotinova y la pianista Goulnara Galimchina, tendr\u00e1 lugar el 08 de febrero de 2024 a las 5:00 p.m., en el Espacio Cultural del Centro Venezolano Americano, ubicado en la Avenida Principal de Las Mercedes, Caracas. La entrada es gratuita.<\/p>\n<p>Para mayor informaci\u00f3n puede visitarse @centrovenezolanoamericano en Instagram, y @cvalasmercedes en Twitter y Facebook.<\/p>\n","protected":false},"excerpt":{"rendered":"<p>El jueves 08 de febrero de 2024, a las 5:00 p.m., continuar\u00e1 el Ciclo de Recitales de Piano y Voz que se lleva a cabo en el Espacio Cultural del Centro Venezolano Americano, en Las Mercedes, con un concierto a cargo de la soprano Anna Rotinova y la pianista Goulnara Galimchina. Enmarcado en la programaci\u00f3n [&hellip;]<\/p>\n","protected":false},"author":2,"featured_media":21168,"comment_status":"closed","ping_status":"open","sticky":false,"template":"","format":"standard","meta":[],"categories":[93,146,2],"tags":[4182,381],"wppr_data":{"cwp_meta_box_check":"No"},"_links":{"self":[{"href":"https:\/\/www.notaoficial.com\/s\/wp-json\/wp\/v2\/posts\/21167"}],"collection":[{"href":"https:\/\/www.notaoficial.com\/s\/wp-json\/wp\/v2\/posts"}],"about":[{"href":"https:\/\/www.notaoficial.com\/s\/wp-json\/wp\/v2\/types\/post"}],"author":[{"embeddable":true,"href":"https:\/\/www.notaoficial.com\/s\/wp-json\/wp\/v2\/users\/2"}],"replies":[{"embeddable":true,"href":"https:\/\/www.notaoficial.com\/s\/wp-json\/wp\/v2\/comments?post=21167"}],"version-history":[{"count":1,"href":"https:\/\/www.notaoficial.com\/s\/wp-json\/wp\/v2\/posts\/21167\/revisions"}],"predecessor-version":[{"id":21169,"href":"https:\/\/www.notaoficial.com\/s\/wp-json\/wp\/v2\/posts\/21167\/revisions\/21169"}],"wp:featuredmedia":[{"embeddable":true,"href":"https:\/\/www.notaoficial.com\/s\/wp-json\/wp\/v2\/media\/21168"}],"wp:attachment":[{"href":"https:\/\/www.notaoficial.com\/s\/wp-json\/wp\/v2\/media?parent=21167"}],"wp:term":[{"taxonomy":"category","embeddable":true,"href":"https:\/\/www.notaoficial.com\/s\/wp-json\/wp\/v2\/categories?post=21167"},{"taxonomy":"post_tag","embeddable":true,"href":"https:\/\/www.notaoficial.com\/s\/wp-json\/wp\/v2\/tags?post=21167"}],"curies":[{"name":"wp","href":"https:\/\/api.w.org\/{rel}","templated":true}]}}