{"id":21189,"date":"2024-02-07T00:46:32","date_gmt":"2024-02-07T04:46:32","guid":{"rendered":"https:\/\/www.notaoficial.com\/s\/?p=21189"},"modified":"2024-02-07T00:46:32","modified_gmt":"2024-02-07T04:46:32","slug":"reunidos-por-la-salsa-lanzan-su-nuevo-sencillo-la-salsa-no-se-murio-2","status":"publish","type":"post","link":"https:\/\/www.notaoficial.com\/s\/2024\/02\/07\/reunidos-por-la-salsa-lanzan-su-nuevo-sencillo-la-salsa-no-se-murio-2\/","title":{"rendered":"Reunidos Por La Salsa lanzan su nuevo sencillo \u00abLa Salsa No Se Muri\u00f3\u00bb"},"content":{"rendered":"<div class=\"m_-6237579634300139664module\" dir=\"ltr\">\n<p align=\"justify\"><strong>Reunidos Por La Salsa<\/strong>, una corporaci\u00f3n de artistas destacados en la industria de la m\u00fasica, se enorgullece en anunciar el lanzamiento de su nuevo tema <strong>\u201cLa Salsa No Se Muri\u00f3\u201d<\/strong>.<\/p>\n<p align=\"justify\">Este grupo de talentosos artistas, cada uno con una carrera exitosa en su propio derecho, se ha unido para crear este trabajo espectacular. El tema est\u00e1 dirigido directamente al reconocido productor, m\u00fasico y arreglista, Sergio George.<\/p>\n<p align=\"justify\"><em>\u201cCon mucho respeto hemos diferido en sus escritos de su m\u00e1s reciente libro y por ende, hacemos lo que nos corresponde como corporaci\u00f3n salsera. Para esto naci\u00f3 Reunidos Por La Salsa; para defender y apoyar la Salsa.\u201d<\/em> Dice el compositor Nelson Berm\u00fadez.<\/p>\n<p align=\"justify\">Los cantantes que participan en este proyecto son Waldo Iv\u00e1n Col\u00f3n, Edwin \u201cEl Calvito\u201d Reyes, Kriptony Texeira, Jos\u00e9 Novoa, Tito Guadalupe, Gerson Zayas, Eli\u00fa De Jes\u00fas y Jos\u00e9 Col\u00f3n. Cada uno de ellos aporta su propio estilo y sabor a este emocionante nuevo tema.<\/p>\n<p align=\"justify\"><strong>\u201cLa Salsa No Se Muri\u00f3\u201d<\/strong> es un testimonio del amor y la pasi\u00f3n que estos artistas tienen por la m\u00fasica salsa. A trav\u00e9s de su m\u00fasica, Reunidos Por La Salsa contin\u00faa defendiendo y apoyando el g\u00e9nero de la salsa, demostrando que la salsa est\u00e1 viva y sigue siendo relevante en la industria de la m\u00fasica actual: <a href=\"https:\/\/email.cloud2.secureclick.net\/c\/2102?id=491633.3489.1.bca8e2db84362bc5f68ff20d2e6da571\" target=\"_blank\" rel=\"noopener\" data-saferedirecturl=\"https:\/\/www.google.com\/url?q=https:\/\/email.cloud2.secureclick.net\/c\/2102?id%3D491633.3489.1.bca8e2db84362bc5f68ff20d2e6da571&amp;source=gmail&amp;ust=1707366433561000&amp;usg=AOvVaw2dXgrr2AWjDE5Pw0l5-fPg\">https:\/\/www.youtube.com\/watch?<wbr \/>v=wIPWZ0TrQPQ<\/a><\/p>\n<\/div>\n","protected":false},"excerpt":{"rendered":"<p>Reunidos Por La Salsa, una corporaci\u00f3n de artistas destacados en la industria de la m\u00fasica, se enorgullece en anunciar el lanzamiento de su nuevo tema \u201cLa Salsa No Se Muri\u00f3\u201d. Este grupo de talentosos artistas, cada uno con una carrera exitosa en su propio derecho, se ha unido para crear este trabajo espectacular. El tema [&hellip;]<\/p>\n","protected":false},"author":2,"featured_media":21190,"comment_status":"closed","ping_status":"open","sticky":false,"template":"","format":"standard","meta":[],"categories":[93,146,2],"tags":[1371,381],"wppr_data":{"cwp_meta_box_check":"No"},"_links":{"self":[{"href":"https:\/\/www.notaoficial.com\/s\/wp-json\/wp\/v2\/posts\/21189"}],"collection":[{"href":"https:\/\/www.notaoficial.com\/s\/wp-json\/wp\/v2\/posts"}],"about":[{"href":"https:\/\/www.notaoficial.com\/s\/wp-json\/wp\/v2\/types\/post"}],"author":[{"embeddable":true,"href":"https:\/\/www.notaoficial.com\/s\/wp-json\/wp\/v2\/users\/2"}],"replies":[{"embeddable":true,"href":"https:\/\/www.notaoficial.com\/s\/wp-json\/wp\/v2\/comments?post=21189"}],"version-history":[{"count":1,"href":"https:\/\/www.notaoficial.com\/s\/wp-json\/wp\/v2\/posts\/21189\/revisions"}],"predecessor-version":[{"id":21191,"href":"https:\/\/www.notaoficial.com\/s\/wp-json\/wp\/v2\/posts\/21189\/revisions\/21191"}],"wp:featuredmedia":[{"embeddable":true,"href":"https:\/\/www.notaoficial.com\/s\/wp-json\/wp\/v2\/media\/21190"}],"wp:attachment":[{"href":"https:\/\/www.notaoficial.com\/s\/wp-json\/wp\/v2\/media?parent=21189"}],"wp:term":[{"taxonomy":"category","embeddable":true,"href":"https:\/\/www.notaoficial.com\/s\/wp-json\/wp\/v2\/categories?post=21189"},{"taxonomy":"post_tag","embeddable":true,"href":"https:\/\/www.notaoficial.com\/s\/wp-json\/wp\/v2\/tags?post=21189"}],"curies":[{"name":"wp","href":"https:\/\/api.w.org\/{rel}","templated":true}]}}