{"id":2126,"date":"2018-07-04T17:00:58","date_gmt":"2018-07-04T21:00:58","guid":{"rendered":"http:\/\/www.notaoficial.com\/s\/?p=2126"},"modified":"2018-07-03T12:33:58","modified_gmt":"2018-07-03T16:33:58","slug":"anita-reyna-exhibe-su-obra-en-okyo","status":"publish","type":"post","link":"https:\/\/www.notaoficial.com\/s\/2018\/07\/04\/anita-reyna-exhibe-su-obra-en-okyo\/","title":{"rendered":"Anita Reyna exhibe su obra en OKYO"},"content":{"rendered":"<p>Un conjunto de obras de la artista venezolana Anita Reyna, conforman la exposici\u00f3n \u201cFe\u201d, que ser\u00e1 inaugurada el domingo 8 de julio a las 11 am en la Galer\u00eda OKYO, en Las Mercedes, donde permanecer\u00e1 abierta al p\u00fablico hasta mediados de agosto.<\/p>\n<p>Partiendo de la vivencia popular venezolana y de lo sagrado, Anita Reyna \u201cjunta a Jos\u00e9 Gregorio Hern\u00e1ndez \u2013simplemente el Jos\u00e9 Gregorio nuestro\u2013 con las v\u00edrgenes regionales, en un acto tambi\u00e9n de m\u00edstica fundacional\u201d, seg\u00fan expresa Alejandro Bruzual en el texto que acompa\u00f1a la muestra.<\/p>\n<p>Con una propuesta que le ha permitido explorar los efectos de luz y transparencia, crea un dibujo de cualidades casi tridimensionales, que con particular cuidado en el acabado, corta y graba sobre acr\u00edlico o cartulina, con instrumentos de alta tecnolog\u00eda y precisi\u00f3n.<\/p>\n<p>Graduada en Dise\u00f1o Gr\u00e1fico, en el Instituto Europeo di Design, de Roma (Italia), Anita Reyna ha desarrollado su obra art\u00edstica desde hace m\u00e1s de veinte a\u00f1os, y ha exhibido su obra en exposiciones colectivas e individuales en diversas galer\u00edas de Venezuela, as\u00ed como en diversas ediciones de la Ferias del Arte, FIA y en los salones \u201cMiguel Otero Silva\u201d de la Galer\u00eda Ascaso de Caracas, \u201cAragua\u201d del Museo de Arte Contempor\u00e1neo Mario Abreu de Maracay, \u201cArturo Michelena\u201d del Ateneo de Valencia.\u00a0 A nivel internacional ha participado en Signature Art Gallery-Hardcore, Print Shop y en Feria Foto y Feria\u00a0 Arteam\u00e9ricas, en Miami; en ART DC de Washington y PINTA de Nueva York; en ArtBo de Bogot\u00e1, en la DgrissGallery de Punta Pac\u00edfica en Ciudad de Panam\u00e1, y en el Instituto Cervantes de Tokio, luego exhibida en\u00a0 Se\u00fal. Importantes escritores y cr\u00edticos de arte han escrito y curado su trabajo art\u00edstico, y ha sido constante colaboradora en subastas de arte con fines filantr\u00f3picos, en particular, Fundana, Acci\u00f3n Solidaria, SenosAyuda, Hospital San Juan de Dios y Autismo en Voz Alta.<\/p>\n<p>El p\u00fablico podr\u00e1 apreciar la obra de esta artista a trav\u00e9s de la exposici\u00f3n <strong>\u201cFe\u201d<\/strong>, que se estar\u00e1 presentando del 8 de julio al 19 de agosto, en la Galer\u00eda OKYO, ubicada en la calle Veracruz, Edificio La Hacienda, PB, Las Mercedes. El horario de exposici\u00f3n es de lunes a viernes de 10 am a 5 pm, s\u00e1bados y domingos de 11 am a 2 pm. La entrada es libre.<\/p>\n","protected":false},"excerpt":{"rendered":"<p>Un conjunto de obras de la artista venezolana Anita Reyna, conforman la exposici\u00f3n \u201cFe\u201d, que ser\u00e1 inaugurada el domingo 8 de julio a las 11 am en la Galer\u00eda OKYO, en Las Mercedes, donde permanecer\u00e1 abierta al p\u00fablico hasta mediados de agosto. Partiendo de la vivencia popular venezolana y de lo sagrado, Anita Reyna \u201cjunta [&hellip;]<\/p>\n","protected":false},"author":2,"featured_media":2127,"comment_status":"closed","ping_status":"open","sticky":false,"template":"","format":"standard","meta":[],"categories":[337,140,2],"tags":[343,338,350,354,345,355,344,339,349,348,341,342,340,249,353,86,352,347,346,351],"wppr_data":[],"_links":{"self":[{"href":"https:\/\/www.notaoficial.com\/s\/wp-json\/wp\/v2\/posts\/2126"}],"collection":[{"href":"https:\/\/www.notaoficial.com\/s\/wp-json\/wp\/v2\/posts"}],"about":[{"href":"https:\/\/www.notaoficial.com\/s\/wp-json\/wp\/v2\/types\/post"}],"author":[{"embeddable":true,"href":"https:\/\/www.notaoficial.com\/s\/wp-json\/wp\/v2\/users\/2"}],"replies":[{"embeddable":true,"href":"https:\/\/www.notaoficial.com\/s\/wp-json\/wp\/v2\/comments?post=2126"}],"version-history":[{"count":1,"href":"https:\/\/www.notaoficial.com\/s\/wp-json\/wp\/v2\/posts\/2126\/revisions"}],"predecessor-version":[{"id":2128,"href":"https:\/\/www.notaoficial.com\/s\/wp-json\/wp\/v2\/posts\/2126\/revisions\/2128"}],"wp:featuredmedia":[{"embeddable":true,"href":"https:\/\/www.notaoficial.com\/s\/wp-json\/wp\/v2\/media\/2127"}],"wp:attachment":[{"href":"https:\/\/www.notaoficial.com\/s\/wp-json\/wp\/v2\/media?parent=2126"}],"wp:term":[{"taxonomy":"category","embeddable":true,"href":"https:\/\/www.notaoficial.com\/s\/wp-json\/wp\/v2\/categories?post=2126"},{"taxonomy":"post_tag","embeddable":true,"href":"https:\/\/www.notaoficial.com\/s\/wp-json\/wp\/v2\/tags?post=2126"}],"curies":[{"name":"wp","href":"https:\/\/api.w.org\/{rel}","templated":true}]}}