{"id":21325,"date":"2024-02-15T23:35:29","date_gmt":"2024-02-16T03:35:29","guid":{"rendered":"https:\/\/www.notaoficial.com\/s\/?p=21325"},"modified":"2024-02-15T23:35:29","modified_gmt":"2024-02-16T03:35:29","slug":"marc-clotet-impresiona-con-su-elegancia","status":"publish","type":"post","link":"https:\/\/www.notaoficial.com\/s\/2024\/02\/15\/marc-clotet-impresiona-con-su-elegancia\/","title":{"rendered":"Marc Clotet impresiona con su elegancia"},"content":{"rendered":"<p>Un a\u00f1o m\u00e1s vuelven los\u00a0<a href=\"https:\/\/facebook.us15.list-manage.com\/track\/click?u=d29e05f3cb957969a97f7b89e&amp;id=56b22d082c&amp;e=48ce6451b1\" target=\"_blank\" rel=\"noopener\" data-saferedirecturl=\"https:\/\/www.google.com\/url?q=https:\/\/facebook.us15.list-manage.com\/track\/click?u%3Dd29e05f3cb957969a97f7b89e%26id%3D56b22d082c%26e%3D48ce6451b1&amp;source=gmail&amp;ust=1708140312832000&amp;usg=AOvVaw1cu2ovej2Hj0vhwh8GtC7l\"><strong>Premios Goya<\/strong><\/a>\u00a0inundando Valladolid, Espa\u00f1a de glamour y elegancia, con una gala que\u00a0<strong>ha sido escenario de muchos momentos de moda ic\u00f3nicos que quedar\u00e1n para la historia.<\/strong><\/p>\n<p>Es la cita m\u00e1s esperada del a\u00f1o para el cine espa\u00f1ol. El momento en el que tambi\u00e9n la moda ocupa su lugar gracias a los dise\u00f1os de creadores nacionales y marcas internacionales que nos muestran lo mejor de sus colecciones, con vestidos con los que brillar en una noche tan especial.<\/p>\n<p>El guap\u00edsimo actor espa\u00f1ol\u00a0<strong><a href=\"https:\/\/facebook.us15.list-manage.com\/track\/click?u=d29e05f3cb957969a97f7b89e&amp;id=53fc5421cf&amp;e=48ce6451b1\" target=\"_blank\" rel=\"noopener\" data-saferedirecturl=\"https:\/\/www.google.com\/url?q=https:\/\/facebook.us15.list-manage.com\/track\/click?u%3Dd29e05f3cb957969a97f7b89e%26id%3D53fc5421cf%26e%3D48ce6451b1&amp;source=gmail&amp;ust=1708140312832000&amp;usg=AOvVaw3TVedfU0FhKEb0bj7xZLFz\">Marc Clotet<\/a><\/strong>,<strong>\u00a0<\/strong>quien estelariz\u00f3\u00a0la telenovela\u00a0de TelevisaUnivision <strong>&#8216;Por Amar Sin Ley&#8217;<\/strong>, fue seleccionado por las revistas espa\u00f1olas <strong><a href=\"https:\/\/facebook.us15.list-manage.com\/track\/click?u=d29e05f3cb957969a97f7b89e&amp;id=b847b1da3b&amp;e=48ce6451b1\" target=\"_blank\" rel=\"noopener\" data-saferedirecturl=\"https:\/\/www.google.com\/url?q=https:\/\/facebook.us15.list-manage.com\/track\/click?u%3Dd29e05f3cb957969a97f7b89e%26id%3Db847b1da3b%26e%3D48ce6451b1&amp;source=gmail&amp;ust=1708140312832000&amp;usg=AOvVaw3wrGCb7sFAe_81SSrtqhmc\">GQ<\/a>, <a href=\"https:\/\/facebook.us15.list-manage.com\/track\/click?u=d29e05f3cb957969a97f7b89e&amp;id=645f0f7e97&amp;e=48ce6451b1\" target=\"_blank\" rel=\"noopener\" data-saferedirecturl=\"https:\/\/www.google.com\/url?q=https:\/\/facebook.us15.list-manage.com\/track\/click?u%3Dd29e05f3cb957969a97f7b89e%26id%3D645f0f7e97%26e%3D48ce6451b1&amp;source=gmail&amp;ust=1708140312832000&amp;usg=AOvVaw3SOzgsHnc2h8Bh0TPVRYIJ\">Esquire<\/a>, <a href=\"https:\/\/facebook.us15.list-manage.com\/track\/click?u=d29e05f3cb957969a97f7b89e&amp;id=16a185b81d&amp;e=48ce6451b1\" target=\"_blank\" rel=\"noopener\" data-saferedirecturl=\"https:\/\/www.google.com\/url?q=https:\/\/facebook.us15.list-manage.com\/track\/click?u%3Dd29e05f3cb957969a97f7b89e%26id%3D16a185b81d%26e%3D48ce6451b1&amp;source=gmail&amp;ust=1708140312832000&amp;usg=AOvVaw1qq3-MZqxPJWcU9KjdtJXA\">Vogue<\/a><\/strong>,\u00a0<strong><a href=\"https:\/\/facebook.us15.list-manage.com\/track\/click?u=d29e05f3cb957969a97f7b89e&amp;id=854648e9bd&amp;e=48ce6451b1\" target=\"_blank\" rel=\"noopener\" data-saferedirecturl=\"https:\/\/www.google.com\/url?q=https:\/\/facebook.us15.list-manage.com\/track\/click?u%3Dd29e05f3cb957969a97f7b89e%26id%3D854648e9bd%26e%3D48ce6451b1&amp;source=gmail&amp;ust=1708140312833000&amp;usg=AOvVaw2-GlHA9FpLIgQbcQvSPAez\">Glamour<\/a>, <a href=\"https:\/\/facebook.us15.list-manage.com\/track\/click?u=d29e05f3cb957969a97f7b89e&amp;id=233d5ff4d6&amp;e=48ce6451b1\" target=\"_blank\" rel=\"noopener\" data-saferedirecturl=\"https:\/\/www.google.com\/url?q=https:\/\/facebook.us15.list-manage.com\/track\/click?u%3Dd29e05f3cb957969a97f7b89e%26id%3D233d5ff4d6%26e%3D48ce6451b1&amp;source=gmail&amp;ust=1708140312833000&amp;usg=AOvVaw3xpacLDaBlShWfUmhYeUMt\">Grazia<\/a>, <\/strong><strong><a href=\"https:\/\/facebook.us15.list-manage.com\/track\/click?u=d29e05f3cb957969a97f7b89e&amp;id=813020325a&amp;e=48ce6451b1\" target=\"_blank\" rel=\"noopener\" data-saferedirecturl=\"https:\/\/www.google.com\/url?q=https:\/\/facebook.us15.list-manage.com\/track\/click?u%3Dd29e05f3cb957969a97f7b89e%26id%3D813020325a%26e%3D48ce6451b1&amp;source=gmail&amp;ust=1708140312833000&amp;usg=AOvVaw1F8WxtgB6cxJCELb92WVlz\">Vanity Fair<\/a>, <a href=\"https:\/\/facebook.us15.list-manage.com\/track\/click?u=d29e05f3cb957969a97f7b89e&amp;id=8c7b096445&amp;e=48ce6451b1\" target=\"_blank\" rel=\"noopener\" data-saferedirecturl=\"https:\/\/www.google.com\/url?q=https:\/\/facebook.us15.list-manage.com\/track\/click?u%3Dd29e05f3cb957969a97f7b89e%26id%3D8c7b096445%26e%3D48ce6451b1&amp;source=gmail&amp;ust=1708140312833000&amp;usg=AOvVaw007qrsGEAHsiDZGaY5G4D1\">ELLE<\/a><\/strong><strong>\u00a0y <a href=\"https:\/\/facebook.us15.list-manage.com\/track\/click?u=d29e05f3cb957969a97f7b89e&amp;id=f3078ebcec&amp;e=48ce6451b1\" target=\"_blank\" rel=\"noopener\" data-saferedirecturl=\"https:\/\/www.google.com\/url?q=https:\/\/facebook.us15.list-manage.com\/track\/click?u%3Dd29e05f3cb957969a97f7b89e%26id%3Df3078ebcec%26e%3D48ce6451b1&amp;source=gmail&amp;ust=1708140312833000&amp;usg=AOvVaw2axj266obW_M_5rrWtemft\">HOLA<\/a><\/strong>\u00a0entre los hombres mejores vestidos de los <strong><a href=\"https:\/\/facebook.us15.list-manage.com\/track\/click?u=d29e05f3cb957969a97f7b89e&amp;id=968e2467dd&amp;e=48ce6451b1\" target=\"_blank\" rel=\"noopener\" data-saferedirecturl=\"https:\/\/www.google.com\/url?q=https:\/\/facebook.us15.list-manage.com\/track\/click?u%3Dd29e05f3cb957969a97f7b89e%26id%3D968e2467dd%26e%3D48ce6451b1&amp;source=gmail&amp;ust=1708140312833000&amp;usg=AOvVaw1cr8wusAX_Drpz0ON6Fb6x\">Premios Goya 2024<\/a>.<\/strong><\/p>\n<p>Destacando la\u00a0elegancia\u00a0de Clotet, las publicaciones espa\u00f1olas\u00a0especializadas\u00a0en moda,\u00a0belleza y estilos de vida hicieron un reportaje de las celebridades m\u00e1s elegantes que desfilaron por la alfombra roja\u00a0de la\u00a038\u00aa edici\u00f3n de los\u00a0galardones otorgados por\u00a0la <a href=\"https:\/\/facebook.us15.list-manage.com\/track\/click?u=d29e05f3cb957969a97f7b89e&amp;id=416e45cb42&amp;e=48ce6451b1\" target=\"_blank\" rel=\"noopener\" data-saferedirecturl=\"https:\/\/www.google.com\/url?q=https:\/\/facebook.us15.list-manage.com\/track\/click?u%3Dd29e05f3cb957969a97f7b89e%26id%3D416e45cb42%26e%3D48ce6451b1&amp;source=gmail&amp;ust=1708140312833000&amp;usg=AOvVaw0cBRrNugwQlgZsY3V7Hoow\"><strong>Academia de las Artes y las Ciencias Cinematogr\u00e1ficas de Espa\u00f1a<\/strong><\/a>, en su gala anual.<\/p>\n<p><span style=\"font-family: lucida sans unicode, lucida grande, sans-serif;\">Marc sac\u00f3\u00a0sus mejores galas con\u00a0un esmoquin de chaqueta cruzada de terciopelo azul marino de <\/span><strong>Emporio Armani<\/strong><span style=\"font-family: lucida sans unicode, lucida grande, sans-serif;\"> ribeteado en raso junto con una camisa de esmoquin y pajarita,\u00a0para asistir a esta cita especial con el cine espa\u00f1ol. <\/span><em>\u201cEl actor siempre es uno de los m\u00e1s elegantes de las galas de premios, y es que maneja como nadie los c\u00f3digos cl\u00e1sicos\u201d<\/em>, reportan\u00a0las revistas destacando su estilo elegante y eficaz.<\/p>\n<p>Los que desfilan por la alfombra roja de los Goya 2024,\u00a0compiten por un galard\u00f3n: el de formar parte de las listas de los hombres m\u00e1s elegantes en una noche de cine. Una ocasi\u00f3n en la que tanto los nominados como los invitados a la ceremonia aprovechan para lucir su mejor versi\u00f3n.<\/p>\n<p>En esta 38\u00aa edici\u00f3n,\u00a0 la\u00a0Academia de las Artes y las Ciencias Cinematogr\u00e1ficas de Espa\u00f1a reconoce\u00a0el talento del cine espa\u00f1ol, galardonando a los y las creadoras audiovisulaes m\u00e1s talentosas del pa\u00eds y el trabajo que existe detr\u00e1s de esta industria.\u00a0La pel\u00edcula\u00a0<strong>\u00abLa Sociedad de la Nieve\u00bb<\/strong>\u00a0lider\u00f3 la noche con 12 galardones, convirti\u00e9ndose en la tercera pel\u00edcula de la historia que m\u00e1s cabezones se ha llevado, entre ellos los de mejor pel\u00edcula y mejor direcci\u00f3n. Mientras que <strong>\u00ab20.000 especies de abejas\u00bb<\/strong> ocup\u00f3 el segundo lugar.\u00a0El evento cont\u00f3\u00a0con actuaciones musicales de <strong>Amaia<\/strong> y\u00a0<strong>David Bisbal.<\/strong><\/p>\n<p><strong><a href=\"https:\/\/facebook.us15.list-manage.com\/track\/click?u=d29e05f3cb957969a97f7b89e&amp;id=6d535cfefb&amp;e=48ce6451b1\" target=\"_blank\" rel=\"noopener\" data-saferedirecturl=\"https:\/\/www.google.com\/url?q=https:\/\/facebook.us15.list-manage.com\/track\/click?u%3Dd29e05f3cb957969a97f7b89e%26id%3D6d535cfefb%26e%3D48ce6451b1&amp;source=gmail&amp;ust=1708140312833000&amp;usg=AOvVaw1woxu7alKZEoewMG2MJg35\">Marc Clotet<\/a>\u00a0<\/strong>se\u00a0form\u00f3 como actor en el HB Studio de Nueva York, ha protagonizado\u00a0series de \u00e9xito en Espa\u00f1a como,\u00a0<strong>&#8216;El Comisario&#8217;, &#8216;F\u00edsica o Qu\u00edmica&#8217;, &#8216;Amar es para Siempre&#8217;, &#8216;El Caso&#8217;<\/strong>\u00a0o\u00a0<strong>&#8216;Tiempos de Guerra&#8217;,\u00a0&#8216;Las del Hockey&#8217;<\/strong>\u00a0<em>(The Hockey Girl)<\/em>\u00a0entre otras.\u00a0Consigui\u00f3 su primer papel cinematogr\u00e1fico de la mano de Benito Zambrano con\u00a0<strong>&#8216;La Voz Dormida&#8217;<\/strong>, por el que obtuvo una nominaci\u00f3n a los <strong>Premios Goya<\/strong> como <strong>Mejor Actor Revelaci\u00f3n<\/strong> y <strong>recibi\u00f3 el Premio Turia al Mejor Actor Revelaci\u00f3n 2012<\/strong>. En 2022 fue<strong> nominado como Mejor Actor Principal en los Premios PRODU<\/strong>.<\/p>\n<p>En 2017 con su interpretaci\u00f3n en la pel\u00edcula <strong>&#8216;El Jugador de Ajedrez&#8217;<\/strong>, dirigida por Luis Oliveros, le vali\u00f3 el premio a &#8216;Mejor Actor&#8217; en el Festival Internacional de Houston, EE.UU.\u00a0En M\u00e9xico se uni\u00f3 a la segunda temporada de <strong>&#8216;Por Amar Sin Ley&#8217;<\/strong>, proyecto de Televisa y Univision en EE.UU. Recientemente\u00a0protagoniz\u00f3 la pel\u00edcula &#8216;<strong>Caribe, todo incluido&#8217;<\/strong>, que se rod\u00f3 en Rep\u00fablica Dominicana, y la serie <strong>&#8216;<em>\u00daltimo primer d\u00eda&#8217;<\/em><\/strong>, que se film\u00f3 en Argentina.<\/p>\n<p>Tambi\u00e9n, estren\u00f3 el\u00a0largometraje <strong>\u201cLa Ni\u00f1a del Az\u00facar\u201d<\/strong> que se rod\u00f3\u00a0en la selva amaz\u00f3nica.<\/p>\n<p>El p\u00fablico\u00a0puede seguir a\u00a0<strong>Marc Clotet<\/strong>\u00a0a trav\u00e9s de sus redes sociales\u00a0<strong>Instagram\u00a0<\/strong><a href=\"https:\/\/facebook.us15.list-manage.com\/track\/click?u=d29e05f3cb957969a97f7b89e&amp;id=817d2a86f6&amp;e=48ce6451b1\" target=\"_blank\" rel=\"noopener\" data-saferedirecturl=\"https:\/\/www.google.com\/url?q=https:\/\/facebook.us15.list-manage.com\/track\/click?u%3Dd29e05f3cb957969a97f7b89e%26id%3D817d2a86f6%26e%3D48ce6451b1&amp;source=gmail&amp;ust=1708140312833000&amp;usg=AOvVaw0PLJNxzFroIUmYuGRJ8mqD\">@Marc_<wbr \/>Clotet<\/a> \/\u00a0<strong>Twitter<\/strong>\u00a0<a href=\"https:\/\/facebook.us15.list-manage.com\/track\/click?u=d29e05f3cb957969a97f7b89e&amp;id=7deba1ae6b&amp;e=48ce6451b1\" target=\"_blank\" rel=\"noopener\" data-saferedirecturl=\"https:\/\/www.google.com\/url?q=https:\/\/facebook.us15.list-manage.com\/track\/click?u%3Dd29e05f3cb957969a97f7b89e%26id%3D7deba1ae6b%26e%3D48ce6451b1&amp;source=gmail&amp;ust=1708140312833000&amp;usg=AOvVaw3gk2hlYQXoiS-G62ZMvTH8\">@Marc_Clotet<\/a> \/\u00a0<strong>Facebook<\/strong>\u00a0Marc Clotet<\/p>\n","protected":false},"excerpt":{"rendered":"<p>Un a\u00f1o m\u00e1s vuelven los\u00a0Premios Goya\u00a0inundando Valladolid, Espa\u00f1a de glamour y elegancia, con una gala que\u00a0ha sido escenario de muchos momentos de moda ic\u00f3nicos que quedar\u00e1n para la historia. Es la cita m\u00e1s esperada del a\u00f1o para el cine espa\u00f1ol. El momento en el que tambi\u00e9n la moda ocupa su lugar gracias a los dise\u00f1os [&hellip;]<\/p>\n","protected":false},"author":2,"featured_media":21326,"comment_status":"closed","ping_status":"open","sticky":false,"template":"","format":"standard","meta":[],"categories":[93,463,146],"tags":[9947,10436],"wppr_data":{"cwp_meta_box_check":"No"},"_links":{"self":[{"href":"https:\/\/www.notaoficial.com\/s\/wp-json\/wp\/v2\/posts\/21325"}],"collection":[{"href":"https:\/\/www.notaoficial.com\/s\/wp-json\/wp\/v2\/posts"}],"about":[{"href":"https:\/\/www.notaoficial.com\/s\/wp-json\/wp\/v2\/types\/post"}],"author":[{"embeddable":true,"href":"https:\/\/www.notaoficial.com\/s\/wp-json\/wp\/v2\/users\/2"}],"replies":[{"embeddable":true,"href":"https:\/\/www.notaoficial.com\/s\/wp-json\/wp\/v2\/comments?post=21325"}],"version-history":[{"count":1,"href":"https:\/\/www.notaoficial.com\/s\/wp-json\/wp\/v2\/posts\/21325\/revisions"}],"predecessor-version":[{"id":21327,"href":"https:\/\/www.notaoficial.com\/s\/wp-json\/wp\/v2\/posts\/21325\/revisions\/21327"}],"wp:featuredmedia":[{"embeddable":true,"href":"https:\/\/www.notaoficial.com\/s\/wp-json\/wp\/v2\/media\/21326"}],"wp:attachment":[{"href":"https:\/\/www.notaoficial.com\/s\/wp-json\/wp\/v2\/media?parent=21325"}],"wp:term":[{"taxonomy":"category","embeddable":true,"href":"https:\/\/www.notaoficial.com\/s\/wp-json\/wp\/v2\/categories?post=21325"},{"taxonomy":"post_tag","embeddable":true,"href":"https:\/\/www.notaoficial.com\/s\/wp-json\/wp\/v2\/tags?post=21325"}],"curies":[{"name":"wp","href":"https:\/\/api.w.org\/{rel}","templated":true}]}}