{"id":2140,"date":"2018-07-05T15:11:36","date_gmt":"2018-07-05T19:11:36","guid":{"rendered":"http:\/\/www.notaoficial.com\/s\/?p=2140"},"modified":"2018-07-05T12:18:05","modified_gmt":"2018-07-05T16:18:05","slug":"fei-llega-con-good-vibes-showcase-a-los-viernes-musicales-del-bod","status":"publish","type":"post","link":"https:\/\/www.notaoficial.com\/s\/2018\/07\/05\/fei-llega-con-good-vibes-showcase-a-los-viernes-musicales-del-bod\/","title":{"rendered":"Fei llega con \u201cGood vibes Showcase\u201d a los Viernes Musicales del BOD"},"content":{"rendered":"<p>Uno de las m\u00e1s destacadas nuevas voces del pa\u00eds, la cantautora venezolana Fei, trae al p\u00fablico una interesante fusi\u00f3n de ritmos en su primer proyecto promocional que presentar\u00e1 en concierto el pr\u00f3ximo 6 de julio, a las 7:00 p.m., en el Centro Cultural BOD.<\/p>\n<p>La artista apuesta por su primer sencillo y video promocional \u201cNo te puedo dejar de pensar\u201d. Su primer proyecto profesional EP contiene adem\u00e1s los otros tracks: \u201cWhat you expected from me\u201d, \u201cLa fuerza del querer\u201d y \u201cTe he esperado tanto\u201d, donde se describen distintos momentos, experiencias, sensaciones y contextos de relaciones amorosas. De igual manera, trae un repertorio fusionando distintos g\u00e9neros musicales.<\/p>\n<p>Esta joven, que incursiona como un nuevo talento en el negocio de la m\u00fasica, confiesa que sus principales influencias son el reggae, el pop y el soul, con lo que logra una conexi\u00f3n musical con sello propio, el de una mujer que vibra seg\u00fan las tendencias de los tiempos que corren. \u201cMis canciones siempre dejan un mensaje, con el que busco llegar a la gente\u201d, expresa.<\/p>\n<p>La fusi\u00f3n del pop conocido y escuchado por la mayor\u00eda de las personas, incorporando el soul y el reggae que no es usual escucharlo en Venezuela, es lo que marca la diferencia de la artista. El reggae es una rama musical que ha empezado a ser utilizada en los temas m\u00e1s \u201cpegajosos\u201d en el \u00faltimo a\u00f1o, y es por eso que la fusi\u00f3n que trae Fei de estos tres ritmos es interesante e innovadora.<\/p>\n<p>\u201cLa fusi\u00f3n con el ritmo del reggae, que se parece al latido del coraz\u00f3n, y las letras de las canciones que hablan de amor, redenci\u00f3n y una vida natural es lo que hace la diferencia al resto\u201d, expresa la cantante.<\/p>\n<p>Con Fei: Good Vibes Show Case inicia un nuevo ciclo de los Viernes Musicales en la Sala Experimental del BOD, que durante todo julio mostrar\u00e1 nuevas voces femeninas del pop, rock y el jazz.<\/p>\n<p>Las entradas pueden adquirirse a trav\u00e9s del portal de ticketmundo y en las taquillas del teatro, en La Castellana. Mayor informaci\u00f3n en la p\u00e1gina www.centroculturalbod.com, por los tel\u00e9fonos: 0800CCBOD (0800 22263 00) o por la redes sociales en Instagram y Twitter: @cculturalbod.<\/p>\n","protected":false},"excerpt":{"rendered":"<p>Uno de las m\u00e1s destacadas nuevas voces del pa\u00eds, la cantautora venezolana Fei, trae al p\u00fablico una interesante fusi\u00f3n de ritmos en su primer proyecto promocional que presentar\u00e1 en concierto el pr\u00f3ximo 6 de julio, a las 7:00 p.m., en el Centro Cultural BOD. La artista apuesta por su primer sencillo y video promocional \u201cNo [&hellip;]<\/p>\n","protected":false},"author":2,"featured_media":2141,"comment_status":"closed","ping_status":"open","sticky":false,"template":"","format":"standard","meta":[],"categories":[378,140,2],"tags":[379,380,383,385,386,381,382,384,15],"wppr_data":[],"_links":{"self":[{"href":"https:\/\/www.notaoficial.com\/s\/wp-json\/wp\/v2\/posts\/2140"}],"collection":[{"href":"https:\/\/www.notaoficial.com\/s\/wp-json\/wp\/v2\/posts"}],"about":[{"href":"https:\/\/www.notaoficial.com\/s\/wp-json\/wp\/v2\/types\/post"}],"author":[{"embeddable":true,"href":"https:\/\/www.notaoficial.com\/s\/wp-json\/wp\/v2\/users\/2"}],"replies":[{"embeddable":true,"href":"https:\/\/www.notaoficial.com\/s\/wp-json\/wp\/v2\/comments?post=2140"}],"version-history":[{"count":1,"href":"https:\/\/www.notaoficial.com\/s\/wp-json\/wp\/v2\/posts\/2140\/revisions"}],"predecessor-version":[{"id":2142,"href":"https:\/\/www.notaoficial.com\/s\/wp-json\/wp\/v2\/posts\/2140\/revisions\/2142"}],"wp:featuredmedia":[{"embeddable":true,"href":"https:\/\/www.notaoficial.com\/s\/wp-json\/wp\/v2\/media\/2141"}],"wp:attachment":[{"href":"https:\/\/www.notaoficial.com\/s\/wp-json\/wp\/v2\/media?parent=2140"}],"wp:term":[{"taxonomy":"category","embeddable":true,"href":"https:\/\/www.notaoficial.com\/s\/wp-json\/wp\/v2\/categories?post=2140"},{"taxonomy":"post_tag","embeddable":true,"href":"https:\/\/www.notaoficial.com\/s\/wp-json\/wp\/v2\/tags?post=2140"}],"curies":[{"name":"wp","href":"https:\/\/api.w.org\/{rel}","templated":true}]}}