{"id":21452,"date":"2024-02-24T00:51:17","date_gmt":"2024-02-24T04:51:17","guid":{"rendered":"https:\/\/www.notaoficial.com\/s\/?p=21452"},"modified":"2024-02-24T00:51:17","modified_gmt":"2024-02-24T04:51:17","slug":"rafael-pollo-brito-celebra-con-conciertos-el-estar-de-vuelta-en-casa","status":"publish","type":"post","link":"https:\/\/www.notaoficial.com\/s\/2024\/02\/24\/rafael-pollo-brito-celebra-con-conciertos-el-estar-de-vuelta-en-casa\/","title":{"rendered":"Rafael \u201cPollo\u201d Brito celebra con conciertos el estar \u201cDe vuelta en casa\u201d"},"content":{"rendered":"<p>El popular artista cantar\u00e1 en Caracas, Maracaibo y Barquisimeto los d\u00edas 29 de<\/p>\n<p>febrero, 01 y 02 de marzo. Junto a su orquesta brindar\u00e1 un viaje cargado de<\/p>\n<p>nostalgia y \u00e9xitos musicales.<\/p>\n<p>Rafael Pollo Brito (@pollobrito) celebra en grande su regreso a Venezuela con la gira<\/p>\n<p>de conciertos \u201cDe vuelta en casa\u201d. El popular cantautor y m\u00fasico se reencontrar\u00e1 con<\/p>\n<p>el p\u00fablico en tres \u00fanicas presentaciones repletas de sentimientos, hits musicales y la<\/p>\n<p>alegr\u00eda de estar nuevamente en casa.<\/p>\n<p>El jueves 29 de febrero cantar\u00e1 en la carpa de Hotel Tamanaco, en Caracas; el viernes<\/p>\n<p>01 de marzo se presentar\u00e1 en el Tibisay Hotel del Lago, en Maracaibo, y el s\u00e1bado 02<\/p>\n<p>de marzo har\u00e1 lo propio en el Hotel Trinitarias Suites.<\/p>\n<p>Emocionado por estar nuevamente en los escenarios nacionales, el Pollo prepara un<\/p>\n<p>show inolvidable que ser\u00e1 al mismo tiempo una celebraci\u00f3n llena de nostalgia,<\/p>\n<p>canciones emblem\u00e1ticas y un paseo por la m\u00fasica venezolana, el merengue, la salsa<\/p>\n<p>y el bolero, con el estilo que le ha valido ser uno de los artistas m\u00e1s queridos y<\/p>\n<p>respetados dentro y fuera de Venezuela.<\/p>\n<p>Ganador del Latin Grammy en 2014 junto a C4 Tr\u00edo, Brito est\u00e1 de regreso en nuestro<\/p>\n<p>pa\u00eds tras siete a\u00f1os de ausencia, tiempo en el que su carrera sigui\u00f3 sumando<\/p>\n<p>canciones y reconocimientos de la industria musical, como la nominaci\u00f3n a los<\/p>\n<p>Grammy Awards en 2023 por su colaboraci\u00f3n con Mimy y Tony Succar en el tema<\/p>\n<p>Chabuca Lime\u00f1a.<\/p>\n<p>Uno de los principales exponentes de la cultura musical venezolana, Rafael \u201cPollo\u201d<\/p>\n<p>Brito ha visitado m\u00e1s de 30 pa\u00edses y ha hecho del cuatro su bandera, llegando a<\/p>\n<p>impartir clases de este instrumento en la Universidad de Tokio.<\/p>\n<p>A finales de 2023, el popular m\u00fasico e int\u00e9rprete lanz\u00f3 Usted s\u00ed es bonita, canci\u00f3n<\/p>\n<p>dedicada a su esposa Carmen Cecilia, en la que cuenta c\u00f3mo se conocieron y todo lo<\/p>\n<p>que tuvo que hacer para conquistarla. El tema est\u00e1 disponible en las principales<\/p>\n<p>plataformas digitales y cuenta con un simp\u00e1tico videoclip que se puede disfrutar en el<\/p>\n<p>canal oficial del artista en YouTube.<\/p>\n<p>Rafael \u201cPollo\u201d Brito junto a su orquesta \u201cDe vuelta a casa\u201d en Caracas, Maracaibo y<\/p>\n<p>Barquisimeto es un espect\u00e1culo que no te puedes perder. Entradas a la venta en<\/p>\n<p>https:\/\/linktr.ee\/pollobritovenezuela<\/p>\n","protected":false},"excerpt":{"rendered":"<p>El popular artista cantar\u00e1 en Caracas, Maracaibo y Barquisimeto los d\u00edas 29 de febrero, 01 y 02 de marzo. Junto a su orquesta brindar\u00e1 un viaje cargado de nostalgia y \u00e9xitos musicales. Rafael Pollo Brito (@pollobrito) celebra en grande su regreso a Venezuela con la gira de conciertos \u201cDe vuelta en casa\u201d. El popular cantautor [&hellip;]<\/p>\n","protected":false},"author":2,"featured_media":21453,"comment_status":"closed","ping_status":"open","sticky":false,"template":"","format":"standard","meta":[],"categories":[93,146,2],"tags":[1371,381],"wppr_data":{"cwp_meta_box_check":"No"},"_links":{"self":[{"href":"https:\/\/www.notaoficial.com\/s\/wp-json\/wp\/v2\/posts\/21452"}],"collection":[{"href":"https:\/\/www.notaoficial.com\/s\/wp-json\/wp\/v2\/posts"}],"about":[{"href":"https:\/\/www.notaoficial.com\/s\/wp-json\/wp\/v2\/types\/post"}],"author":[{"embeddable":true,"href":"https:\/\/www.notaoficial.com\/s\/wp-json\/wp\/v2\/users\/2"}],"replies":[{"embeddable":true,"href":"https:\/\/www.notaoficial.com\/s\/wp-json\/wp\/v2\/comments?post=21452"}],"version-history":[{"count":1,"href":"https:\/\/www.notaoficial.com\/s\/wp-json\/wp\/v2\/posts\/21452\/revisions"}],"predecessor-version":[{"id":21454,"href":"https:\/\/www.notaoficial.com\/s\/wp-json\/wp\/v2\/posts\/21452\/revisions\/21454"}],"wp:featuredmedia":[{"embeddable":true,"href":"https:\/\/www.notaoficial.com\/s\/wp-json\/wp\/v2\/media\/21453"}],"wp:attachment":[{"href":"https:\/\/www.notaoficial.com\/s\/wp-json\/wp\/v2\/media?parent=21452"}],"wp:term":[{"taxonomy":"category","embeddable":true,"href":"https:\/\/www.notaoficial.com\/s\/wp-json\/wp\/v2\/categories?post=21452"},{"taxonomy":"post_tag","embeddable":true,"href":"https:\/\/www.notaoficial.com\/s\/wp-json\/wp\/v2\/tags?post=21452"}],"curies":[{"name":"wp","href":"https:\/\/api.w.org\/{rel}","templated":true}]}}