{"id":2156,"date":"2018-07-06T22:15:01","date_gmt":"2018-07-07T02:15:01","guid":{"rendered":"http:\/\/www.notaoficial.com\/s\/?p=2156"},"modified":"2018-07-06T20:39:03","modified_gmt":"2018-07-07T00:39:03","slug":"el-musical-de-los-inmigrantes-estrena-en-caracas-el-28-de-junio","status":"publish","type":"post","link":"https:\/\/www.notaoficial.com\/s\/2018\/07\/06\/el-musical-de-los-inmigrantes-estrena-en-caracas-el-28-de-junio\/","title":{"rendered":"El musical de los inmigrantes estrena en Caracas el 28 de junio"},"content":{"rendered":"<p>El jueves 28 de junio Caracas recibe al musical de los inmigrantes: \u201cVisa para un Sue\u00f1o\u201d, una coproducci\u00f3n de Vayaalteatro.com y la Fundaci\u00f3n Centro Cultural BOD, quienes unen esfuerzos para presentar esta ambiciosa propuesta esc\u00e9nica destinada a convertirse en el \u00e9xito de la temporada.<\/p>\n<p>Bajo la direcci\u00f3n general de Dairo Pi\u00f1eres, esta comedia musical est\u00e1 basada en la historia personal del reconocido presentador y actor venezolano Ra\u00fal Gonz\u00e1lez quien, luego de una vida de \u00e9xito y realizaci\u00f3n art\u00edstica como presentador de programas infantiles como Chamocr\u00f3polis y S\u00fapercropolis, sale de su pa\u00eds dispuesto a conquistar la audiencia norteamericana pasando por mil y una dificultades: castings que se suceden sin \u00e9xito, empleos miserables, situaciones infames, su f\u00edsico, su acento y la carencia de documentaci\u00f3n legal que le niegan la entrada a su nueva vida en el mundo del espect\u00e1culo, planteando la eterna pregunta del inmigrante; \u00bfquedarse o regresar a casa?<\/p>\n<p>La pieza que gira en torno a c\u00f3mo alcanzar lo que nos proponemos en esta vida fue escrita por Manuel Mendoza y Alejandro Arag\u00f3n, con letra y m\u00fasica original de Ra\u00fal Gonz\u00e1lez y Jos\u00e9 Alberto Almenara.<\/p>\n<p>El protagonista, Mateo Cestari, fue selecionado en un casting abierto, al igual que el resto de los roles, interpretados por Ariadna Izt\u00fariz, Lester Fr\u00edas, Anett \u00c1lvarez, Mari\u00e1n V\u00e1zquez, Yohanderson Ter\u00e1n, Leandro Campos, Johanna Centeno, Esteban Ram\u00edrez, Michelle Rond\u00f3n y Frank Cr\u00f3quer. Este divertido musical cuenta, adem\u00e1s, con la participaci\u00f3n especial de Delia, Henry Soto, Evlin P\u00e9rez, Jairam Navas, Efra\u00edn Gonz\u00e1lez y Francisco Aguana.<\/p>\n<p>Con su auspicio a \u201cVisa para un Sue\u00f1o\u201d, el Centro Cultural BOD reafirma su compromiso con el pa\u00eds y la cultura. \u201cNos empe\u00f1amos en dise\u00f1ar una programaci\u00f3n prolija y diversa, en sinton\u00eda con los requerimientos del p\u00fablico y las tendencias. Apostamos a potenciar el acceso de nuestros espectadores a propuestas art\u00edsticas de alto nivel. Por eso, nos sumamos a la producci\u00f3n de este maravilloso espect\u00e1culo que, luego de arduos meses de trabajo, estrenaremos en nuestras salas\u201d, comenta Yubir\u00ed Arraiz Pinto, directora art\u00edstica de la prestigiosa instituci\u00f3n ubicada en La Castellana.<\/p>\n<p>La direcci\u00f3n musical es de Daniel Jim\u00e9nez, la direcci\u00f3n de arte de H\u00e9ctor Becerra, la coreograf\u00eda de Ang\u00e9lica Escalona y la producci\u00f3n general de Jorgita Rodr\u00edguez, quien se\u00f1ala que este montaje llega en muy buen momento a nuestros escenarios.<\/p>\n<p>\u201cConducir\u00e1 al p\u00fablico a re\u00edrse de las dificultades sin perder de vista que poner la vida en los sue\u00f1os es la \u00fanica manera de realizarlos y que todo lo que deseamos es posible porque perseverancia vale tanto como talento\u201d, comenta la destacada productora, quien desde hace m\u00e1s de un a\u00f1o ha trabajado incansablemente para hacer posible el estreno en el pa\u00eds de esta obra que ha obtenido grandes aplausos a nivel internacional.<\/p>\n<p>El p\u00fablico tendr\u00e1 la oportunidad de disfrutar \u201cVisa para un Sue\u00f1o\u201d desde jueves 28 de junio hasta el domingo 8 de julio. Las entradas est\u00e1n a la venta en ticketmundo.com y en las taquillas del Centro Cultural BOD. Mayor informaci\u00f3n en www.vayaalteatro.com y en www.centroculturalbod.com, por los tel\u00e9fonos: 0800CCBOD (0800 22263 00) o por la redes sociales Instagram y Twitter: @cculturalbod y @vayaalteatro @cculturalbod<\/p>\n","protected":false},"excerpt":{"rendered":"<p>El jueves 28 de junio Caracas recibe al musical de los inmigrantes: \u201cVisa para un Sue\u00f1o\u201d, una coproducci\u00f3n de Vayaalteatro.com y la Fundaci\u00f3n Centro Cultural BOD, quienes unen esfuerzos para presentar esta ambiciosa propuesta esc\u00e9nica destinada a convertirse en el \u00e9xito de la temporada. Bajo la direcci\u00f3n general de Dairo Pi\u00f1eres, esta comedia musical est\u00e1 [&hellip;]<\/p>\n","protected":false},"author":2,"featured_media":2158,"comment_status":"closed","ping_status":"open","sticky":false,"template":"","format":"standard","meta":[],"categories":[463,2],"tags":[444,449,447,441,439,457,461,454,459,462,456,438,458,460,453,445,452,448,443,450,446,455,440,442,437,436,451],"wppr_data":[],"_links":{"self":[{"href":"https:\/\/www.notaoficial.com\/s\/wp-json\/wp\/v2\/posts\/2156"}],"collection":[{"href":"https:\/\/www.notaoficial.com\/s\/wp-json\/wp\/v2\/posts"}],"about":[{"href":"https:\/\/www.notaoficial.com\/s\/wp-json\/wp\/v2\/types\/post"}],"author":[{"embeddable":true,"href":"https:\/\/www.notaoficial.com\/s\/wp-json\/wp\/v2\/users\/2"}],"replies":[{"embeddable":true,"href":"https:\/\/www.notaoficial.com\/s\/wp-json\/wp\/v2\/comments?post=2156"}],"version-history":[{"count":1,"href":"https:\/\/www.notaoficial.com\/s\/wp-json\/wp\/v2\/posts\/2156\/revisions"}],"predecessor-version":[{"id":2159,"href":"https:\/\/www.notaoficial.com\/s\/wp-json\/wp\/v2\/posts\/2156\/revisions\/2159"}],"wp:featuredmedia":[{"embeddable":true,"href":"https:\/\/www.notaoficial.com\/s\/wp-json\/wp\/v2\/media\/2158"}],"wp:attachment":[{"href":"https:\/\/www.notaoficial.com\/s\/wp-json\/wp\/v2\/media?parent=2156"}],"wp:term":[{"taxonomy":"category","embeddable":true,"href":"https:\/\/www.notaoficial.com\/s\/wp-json\/wp\/v2\/categories?post=2156"},{"taxonomy":"post_tag","embeddable":true,"href":"https:\/\/www.notaoficial.com\/s\/wp-json\/wp\/v2\/tags?post=2156"}],"curies":[{"name":"wp","href":"https:\/\/api.w.org\/{rel}","templated":true}]}}