{"id":21641,"date":"2024-03-11T00:01:45","date_gmt":"2024-03-11T04:01:45","guid":{"rendered":"https:\/\/www.notaoficial.com\/s\/?p=21641"},"modified":"2024-03-11T00:01:45","modified_gmt":"2024-03-11T04:01:45","slug":"andres-cepeda-nuestra-vida-en-canciones","status":"publish","type":"post","link":"https:\/\/www.notaoficial.com\/s\/2024\/03\/11\/andres-cepeda-nuestra-vida-en-canciones\/","title":{"rendered":"Andr\u00e9s Cepeda Nuestra Vida en Canciones"},"content":{"rendered":"<div id=\"m_8053796215515782078hs_cos_wrapper_module-1-0-0\">\n<div id=\"m_8053796215515782078hs_cos_wrapper_module-1-0-0_\">\n<p align=\"justify\">Andr\u00e9s Cepeda presenta \u201cNuestra Vida en Canciones\u201d: una gira de \u00e9xitos que visitar\u00e1 seis ciudades de Colombia finalizando en el Estadio El Camp\u00edn de Bogot\u00e1.<\/p>\n<p align=\"justify\">Este recorrido lo llevar\u00e1 a la Arena N\u00e9ctar de Ibagu\u00e9, el 27 de septiembre, al Estadio Polideportivo Envigado de Medell\u00edn el 28 de septiembre, a la Plaza de Toros de Bucaramanga el 23 de noviembre, a la Plaza de Toros de Manizales el 29 de noviembre, al Coliseo El Pueblo de Cali el 30 de noviembre y al Estadio El Camp\u00edn de Bogot\u00e1 el 13 de diciembre de 2024.<\/p>\n<p align=\"justify\">\n<div id=\"m_8053796215515782078hs_cos_wrapper_module_16957332513761\">\n<div id=\"m_8053796215515782078hs_cos_wrapper_module_16957332513761_\">\n<p align=\"justify\">Los clientes de los Bancos Aval y la billetera digital dale! podr\u00e1n acceder a la preventa exclusiva, permiti\u00e9ndole a los fans del artista colombiano adquirir las entradas con las tarjetas d\u00e9bito y cr\u00e9dito, adem\u00e1s de recibir beneficios exclusivos.<\/p>\n<p align=\"justify\">\u201cLuego de viajar por el mundo con mi m\u00fasica, regreso a mi pa\u00eds a cantar las canciones que son la banda sonora de la vida de muchos, cuyas historias se parecen mucho a las m\u00edas. Cantarlas juntos es reconocer que se ha vivido y se sigue viviendo intensamente\u201d, explica Cepeda.<\/p>\n<\/div>\n<\/div>\n<p>&nbsp;<\/p>\n<\/div>\n<\/div>\n","protected":false},"excerpt":{"rendered":"<p>Andr\u00e9s Cepeda presenta \u201cNuestra Vida en Canciones\u201d: una gira de \u00e9xitos que visitar\u00e1 seis ciudades de Colombia finalizando en el Estadio El Camp\u00edn de Bogot\u00e1. Este recorrido lo llevar\u00e1 a la Arena N\u00e9ctar de Ibagu\u00e9, el 27 de septiembre, al Estadio Polideportivo Envigado de Medell\u00edn el 28 de septiembre, a la Plaza de Toros de [&hellip;]<\/p>\n","protected":false},"author":2,"featured_media":21642,"comment_status":"closed","ping_status":"open","sticky":false,"template":"","format":"standard","meta":[],"categories":[93,146,2],"tags":[4556,381],"wppr_data":{"cwp_meta_box_check":"No"},"_links":{"self":[{"href":"https:\/\/www.notaoficial.com\/s\/wp-json\/wp\/v2\/posts\/21641"}],"collection":[{"href":"https:\/\/www.notaoficial.com\/s\/wp-json\/wp\/v2\/posts"}],"about":[{"href":"https:\/\/www.notaoficial.com\/s\/wp-json\/wp\/v2\/types\/post"}],"author":[{"embeddable":true,"href":"https:\/\/www.notaoficial.com\/s\/wp-json\/wp\/v2\/users\/2"}],"replies":[{"embeddable":true,"href":"https:\/\/www.notaoficial.com\/s\/wp-json\/wp\/v2\/comments?post=21641"}],"version-history":[{"count":1,"href":"https:\/\/www.notaoficial.com\/s\/wp-json\/wp\/v2\/posts\/21641\/revisions"}],"predecessor-version":[{"id":21643,"href":"https:\/\/www.notaoficial.com\/s\/wp-json\/wp\/v2\/posts\/21641\/revisions\/21643"}],"wp:featuredmedia":[{"embeddable":true,"href":"https:\/\/www.notaoficial.com\/s\/wp-json\/wp\/v2\/media\/21642"}],"wp:attachment":[{"href":"https:\/\/www.notaoficial.com\/s\/wp-json\/wp\/v2\/media?parent=21641"}],"wp:term":[{"taxonomy":"category","embeddable":true,"href":"https:\/\/www.notaoficial.com\/s\/wp-json\/wp\/v2\/categories?post=21641"},{"taxonomy":"post_tag","embeddable":true,"href":"https:\/\/www.notaoficial.com\/s\/wp-json\/wp\/v2\/tags?post=21641"}],"curies":[{"name":"wp","href":"https:\/\/api.w.org\/{rel}","templated":true}]}}