{"id":21653,"date":"2024-03-12T00:21:54","date_gmt":"2024-03-12T04:21:54","guid":{"rendered":"https:\/\/www.notaoficial.com\/s\/?p=21653"},"modified":"2024-03-12T00:21:54","modified_gmt":"2024-03-12T04:21:54","slug":"galeria-abra-presenta-primera-exposicion-individual-del-artista-jhonathan-de-aguiar","status":"publish","type":"post","link":"https:\/\/www.notaoficial.com\/s\/2024\/03\/12\/galeria-abra-presenta-primera-exposicion-individual-del-artista-jhonathan-de-aguiar\/","title":{"rendered":"Galer\u00eda ABRA presenta primera exposici\u00f3n individual  del artista Jhonathan De Aguiar"},"content":{"rendered":"<p>El s\u00e1bado 16 de marzo de 2024, a partir de las 10:00 a.m., la galer\u00eda ABRA inaugurar\u00e1 en el [G9] del Centro de Arte Los Galpones, la exposici\u00f3n LA EMOCI\u00d3N NECESARIA, primera individual del artista venezolano Jhonathan De Aguiar.<\/p>\n<p>La muestra est\u00e1 conformada por diecis\u00e9is pinturas al \u00f3leo, sobre lienzo y sobre papel, realizadas entre 2021 y 2023, que en palabras del artista, \u201c\u2026 son el resultado de un acercamiento al ser humano contempora\u0301neo, que se debate constantemente entre el deber ser, en la vida necesaria y mono\u0301tona, y lo que repentinamente nos aborda, reclamando un sentido a la existencia\u201d.<\/p>\n<p>Por su parte, la investigadora Rigel Garc\u00eda se\u00f1ala en el texto de sala, que los personajes en las obras \u201c\u2026parecen estar suspendidos en un instante especi\u0301fico, extrai\u0301dos del <em>continuum<\/em>; una especie de tiempo detenido en el que la accio\u0301n en curso queda en suspenso y se disipa\u201d.<\/p>\n<p>Con trazos gestuales, definiendo algunas zonas m\u00e1s que otras en el cuadro, la pintura figurativa de De Aguiar presentadas en LA EMOCI\u00d3N NECESARIA captura \u201cexperiencias universales\u201d que \u201cpor ser de cada quien, terminan siendo espejo de todos\u201d, seg\u00fan explica Garc\u00eda.<\/p>\n<p>La exposici\u00f3n de Jhonathan De Aguiar podr\u00e1 ser visitada hasta el domingo 19 de mayo de 2024, en el galp\u00f3n 9 del Centro de Arte Los Galpones, ubicado avenida \u00c1vila con 8va transversal de Los Chorros, Caracas. El horario es de martes a s\u00e1bado de 10:00 am a 6:00 pm y los domingos de 10:00 am a 4:00 pm.<\/p>\n<p><a href=\"https:\/\/www.abracaracas.com\/\" data-saferedirecturl=\"https:\/\/www.google.com\/url?q=https:\/\/www.abracaracas.com\/&amp;source=gmail&amp;ust=1710301703028000&amp;usg=AOvVaw3sB4oUlJN2pqZ_getLh8YG\">https:\/\/www.abracaracas.com\/<\/a><\/p>\n<p>@abracaracas<\/p>\n","protected":false},"excerpt":{"rendered":"<p>El s\u00e1bado 16 de marzo de 2024, a partir de las 10:00 a.m., la galer\u00eda ABRA inaugurar\u00e1 en el [G9] del Centro de Arte Los Galpones, la exposici\u00f3n LA EMOCI\u00d3N NECESARIA, primera individual del artista venezolano Jhonathan De Aguiar. La muestra est\u00e1 conformada por diecis\u00e9is pinturas al \u00f3leo, sobre lienzo y sobre papel, realizadas entre [&hellip;]<\/p>\n","protected":false},"author":2,"featured_media":21654,"comment_status":"closed","ping_status":"open","sticky":false,"template":"","format":"standard","meta":[],"categories":[93,146,2],"tags":[2222,1371],"wppr_data":{"cwp_meta_box_check":"No"},"_links":{"self":[{"href":"https:\/\/www.notaoficial.com\/s\/wp-json\/wp\/v2\/posts\/21653"}],"collection":[{"href":"https:\/\/www.notaoficial.com\/s\/wp-json\/wp\/v2\/posts"}],"about":[{"href":"https:\/\/www.notaoficial.com\/s\/wp-json\/wp\/v2\/types\/post"}],"author":[{"embeddable":true,"href":"https:\/\/www.notaoficial.com\/s\/wp-json\/wp\/v2\/users\/2"}],"replies":[{"embeddable":true,"href":"https:\/\/www.notaoficial.com\/s\/wp-json\/wp\/v2\/comments?post=21653"}],"version-history":[{"count":1,"href":"https:\/\/www.notaoficial.com\/s\/wp-json\/wp\/v2\/posts\/21653\/revisions"}],"predecessor-version":[{"id":21655,"href":"https:\/\/www.notaoficial.com\/s\/wp-json\/wp\/v2\/posts\/21653\/revisions\/21655"}],"wp:featuredmedia":[{"embeddable":true,"href":"https:\/\/www.notaoficial.com\/s\/wp-json\/wp\/v2\/media\/21654"}],"wp:attachment":[{"href":"https:\/\/www.notaoficial.com\/s\/wp-json\/wp\/v2\/media?parent=21653"}],"wp:term":[{"taxonomy":"category","embeddable":true,"href":"https:\/\/www.notaoficial.com\/s\/wp-json\/wp\/v2\/categories?post=21653"},{"taxonomy":"post_tag","embeddable":true,"href":"https:\/\/www.notaoficial.com\/s\/wp-json\/wp\/v2\/tags?post=21653"}],"curies":[{"name":"wp","href":"https:\/\/api.w.org\/{rel}","templated":true}]}}