{"id":21704,"date":"2024-03-17T23:56:24","date_gmt":"2024-03-18T03:56:24","guid":{"rendered":"https:\/\/www.notaoficial.com\/s\/?p=21704"},"modified":"2024-03-17T23:56:24","modified_gmt":"2024-03-18T03:56:24","slug":"natulac-en-el-maraton-caf-2024","status":"publish","type":"post","link":"https:\/\/www.notaoficial.com\/s\/2024\/03\/17\/natulac-en-el-maraton-caf-2024\/","title":{"rendered":"Natulac en el Marat\u00f3n CAF 2024"},"content":{"rendered":"<p>Francisco D&#8217;Agostino<\/p>\n<p>Los amantes del deporte y la vida saludable se preparan para el <b>Marat\u00f3n CAF 2024, y Natulac se une a la celebraci\u00f3n.<\/b> La empresa estar\u00e1 presente en este importante evento deportivo, que se celebrar\u00e1 el pr\u00f3ximo <b>17 de marzo<\/b>, con un <b>stand corporativo en la exposici\u00f3n de entrega de kits a los participantes, los d\u00edas 15 y 16 de marzo.<\/b><\/p>\n<p><b>Por segundo a\u00f1o consecutivo,<\/b> Natulac, marca de la empresa de alimentos venezolana <a href=\"https:\/\/natulac.com\/\">Industrias Maros C. A<\/a>., tendr\u00e1 la oportunidad de ser protagonista en uno de los eventos deportivos m\u00e1s emblem\u00e1ticos de la ciudad de Caracas, organizado anualmente por el banco de desarrollo para Am\u00e9rica Latina y el Caribe \u2013 CAF.<\/p>\n<p><b>Promoviendo salud<\/b><\/p>\n<p>La gerente de mercadeo de <a href=\"https:\/\/www.instagram.com\/natulacoficial\/?hl=es-la\">Natulac<\/a>, Arianna Nieves, expres\u00f3 que: \u201cestamos muy contentos de <b>volver a ser parte del Marat\u00f3n CAF, un evento que promueve la salud, el bienestar y la integraci\u00f3n social.<\/b> En esta oportunidad, queremos acompa\u00f1ar a los corredores en su desaf\u00edo brind\u00e1ndoles la mejor hidrataci\u00f3n y energ\u00eda con nuestros productos saludables\u201d.<\/p>\n<p>Explic\u00f3 que<b> \u201clos d\u00edas 15 y 16 de marzo, previos al Marat\u00f3n, tendremos un stand interactivo en la Expo de entrega de Kits <\/b>a los participantes, donde los visitantes podr\u00e1n conocer m\u00e1s sobre la marca y sus productos, y desde <b>donde daremos impulso al T\u00e9 Negro Natulac,<\/b> una bebida refrescante, baja en calor\u00edas, rica en Vitamina C, antioxidantes y revitalizantes, ideal para antes y despu\u00e9s de la carrera\u201d.<\/p>\n<p>Francisco D&#8217;Agostino<\/p>\n<p>Nieves agreg\u00f3 que \u201ctambi\u00e9n <b>participaremos en los kits que se entregar\u00e1n a los corredores<\/b>, incluyendo el Jugo de Naranja 100% natural y sin az\u00facar a\u00f1adida, fuente de vitamina C, que aporta energ\u00eda y vitalidad\u201d.<\/p>\n<p>Los<b> Kits de hidrataci\u00f3n <\/b>est\u00e1n compuestos por agua, bebidas isot\u00f3nicas, bebidas y snacks saludables.<\/p>\n<p><b>Experiencia \u00fanica<\/b><\/p>\n<p>De manera que <a href=\"https:\/\/www.instagram.com\/natulacoficial\/?hl=es-la\">Natulac<\/a> <b>invita a todos los atletas a vivir una experiencia \u00fanica en el Marat\u00f3n CAF 2024.<\/b> La empresa estar\u00e1 all\u00ed para acompa\u00f1arlos en su desaf\u00edo y brindarles la mejor hidrataci\u00f3n y energ\u00eda, para que puedan alcanzar sus metas.<\/p>\n<p>Tambi\u00e9n conocido como el marat\u00f3n de la integraci\u00f3n de Am\u00e9rica Latina y el Caribe,\u00a0la competencia se desarrollar\u00e1 este 17 de marzo de 2024, con 2.000 cupos para la modalidad 42 kil\u00f3metros y 4.000 cupos para los 21 kil\u00f3metros.<\/p>\n<p>Francisco D&#8217;Agostino<\/p>\n<p>La ruta de la competencia deportiva ser\u00e1 la misma de ediciones anteriores, comenzando y terminando en el Parque Los Caobos, y pasando por los municipios Libertador, Baruta, Sucre y Chacao, para el disfrute de todos los venezolanos y los extranjeros que asistan a esta cita por la integraci\u00f3n.<\/p>\n<p>Este evento deportivo, que atrae a miles de corredores y amantes del running en el pa\u00eds, promete ser una\u00a0fiesta del asfalto. \u00a1Prep\u00e1rate para vivir la emoci\u00f3n y la adrenalina en esta emblem\u00e1tica carrera!<\/p>\n<p>Si quiere m\u00e1s informaci\u00f3n sobre la marca y su portafolio de productos puede visitar su sitio web: <a href=\"http:\/\/www.natulac.com\/\">www.natulac.com<\/a> y\/o sus redes sociales: Instagram (<a href=\"https:\/\/www.instagram.com\/natulacoficial\/\">@natulacoficial<\/a>) y Facebook (<a href=\"https:\/\/www.facebook.com\/natulacoficial\/\">Natulac<\/a>).<\/p>\n<p>Francisco D&#8217;Agostino<\/p>\n","protected":false},"excerpt":{"rendered":"<p>Francisco D&#8217;Agostino Los amantes del deporte y la vida saludable se preparan para el Marat\u00f3n CAF 2024, y Natulac se une a la celebraci\u00f3n. La empresa estar\u00e1 presente en este importante evento deportivo, que se celebrar\u00e1 el pr\u00f3ximo 17 de marzo, con un stand corporativo en la exposici\u00f3n de entrega de kits a los participantes, [&hellip;]<\/p>\n","protected":false},"author":2,"featured_media":21705,"comment_status":"closed","ping_status":"open","sticky":false,"template":"","format":"standard","meta":[],"categories":[93,146,2],"tags":[9110,1164],"wppr_data":{"cwp_meta_box_check":"No"},"_links":{"self":[{"href":"https:\/\/www.notaoficial.com\/s\/wp-json\/wp\/v2\/posts\/21704"}],"collection":[{"href":"https:\/\/www.notaoficial.com\/s\/wp-json\/wp\/v2\/posts"}],"about":[{"href":"https:\/\/www.notaoficial.com\/s\/wp-json\/wp\/v2\/types\/post"}],"author":[{"embeddable":true,"href":"https:\/\/www.notaoficial.com\/s\/wp-json\/wp\/v2\/users\/2"}],"replies":[{"embeddable":true,"href":"https:\/\/www.notaoficial.com\/s\/wp-json\/wp\/v2\/comments?post=21704"}],"version-history":[{"count":1,"href":"https:\/\/www.notaoficial.com\/s\/wp-json\/wp\/v2\/posts\/21704\/revisions"}],"predecessor-version":[{"id":21706,"href":"https:\/\/www.notaoficial.com\/s\/wp-json\/wp\/v2\/posts\/21704\/revisions\/21706"}],"wp:featuredmedia":[{"embeddable":true,"href":"https:\/\/www.notaoficial.com\/s\/wp-json\/wp\/v2\/media\/21705"}],"wp:attachment":[{"href":"https:\/\/www.notaoficial.com\/s\/wp-json\/wp\/v2\/media?parent=21704"}],"wp:term":[{"taxonomy":"category","embeddable":true,"href":"https:\/\/www.notaoficial.com\/s\/wp-json\/wp\/v2\/categories?post=21704"},{"taxonomy":"post_tag","embeddable":true,"href":"https:\/\/www.notaoficial.com\/s\/wp-json\/wp\/v2\/tags?post=21704"}],"curies":[{"name":"wp","href":"https:\/\/api.w.org\/{rel}","templated":true}]}}