{"id":21728,"date":"2024-03-19T00:10:48","date_gmt":"2024-03-19T04:10:48","guid":{"rendered":"https:\/\/www.notaoficial.com\/s\/?p=21728"},"modified":"2024-03-19T00:10:48","modified_gmt":"2024-03-19T04:10:48","slug":"claudia-lavegas-exhibe-su-obra-en-paris","status":"publish","type":"post","link":"https:\/\/www.notaoficial.com\/s\/2024\/03\/19\/claudia-lavegas-exhibe-su-obra-en-paris\/","title":{"rendered":"Claudia Lavegas  exhibe su obra en Par\u00eds"},"content":{"rendered":"<p>\u201cLa casa es el tema y punto de partida en la obra de Claudia Lavegas. Pero no cualquier casa, sino espec\u00edficamente aquella donde vive una de las comunidades originarias de Venezuela: los <em>Y<\/em><em>ekuana<\/em>. De all\u00ed el t\u00edtulo de la exposici\u00f3n: <em>\u00c4tt\u00e4<\/em> que significa <em>Casa<\/em>\u201d, tal y como afirma la curadora y cr\u00edtico de arte, Susana Benko, en el texto que acompa\u00f1a la muestra.<\/p>\n<p>Claudia Lavegas es artista y arquitecto, y seg\u00fan expresa Susana Benko, \u201cEllo explica, en parte, su pasi\u00f3n por la arquitectura ind\u00edgena, en especial, las <em>churuatas<\/em>. Hay en ella una admiraci\u00f3n muy particular por estas construcciones y tiene muchas razones para ello: adem\u00e1s de ser lugares de cobijo, trabajo y convivencia familiar de los <em>Y<\/em><em>ekuana<\/em>, son asimismo espacios de contemplaci\u00f3n, no s\u00f3lo de su perfecci\u00f3n t\u00e9cnica y estructural, sino de conexi\u00f3n con la naturaleza y tambi\u00e9n de enso\u00f1aci\u00f3n\u201d.<\/p>\n<p>\u201cDe acuerdo a la mitolog\u00eda <em>Yekuana<\/em>, la forma redonda del universo, creado por el dios Wanad\u00ed, corresponde a la estructura circular de las <em>churuatas<\/em>. Claudia Lavegas fija su atenci\u00f3n en los techos y transfiere su forma circular y radial en sus pinturas logrando, sea con pigmento -si la vista es desde el interior de la casa- o con varillas de madera -si la vista es cenital-, expresar similar distribuci\u00f3n de los componentes constructivos de estos techos. La casa se vuelve <em>m\u00e1gica <\/em>para la artista, pues, esta explicaci\u00f3n m\u00edtica trasciende la admiraci\u00f3n formal cuando se sabe que para los <em>Yekuana <\/em>este techo c\u00f3nico sostenido en el medio por un pilar equivale al universo. Es entonces un espacio cuyo sentido trasciende a su significado utilitario o funcional y adquiere una connotaci\u00f3n espiritual\u201d, explica la curadora.<\/p>\n<p>De igual forma, Susana Benko se\u00f1ala que \u201cLas hojas de palma de los techos son amarrados fuertemente con bejucos enteros y lianas. De all\u00ed que recientemente Claudia haya introducido importantes cambios en sus propias <em>churuatas<\/em>: ahora amarra y teje con rafia adem\u00e1s de haber dado un interesante giro a su paleta crom\u00e1tica. Introdujo, asimismo, la forma rectangular con la que se permite aumentar sus formatos\u201d.<\/p>\n<p>Para Susana Benko, \u201cla rafia no solo le permite establecer una relaci\u00f3n con el tejido y la arquitectura ind\u00edgenas: con este material se conecta directamente con la tierra, con lo org\u00e1nico, con la naturaleza. Hay en ello un inter\u00e9s ecol\u00f3gico, sin duda. Y hay tambi\u00e9n una voluntad de expresar lo que la artista oye, ve, huele y siente cada vez que viaja a la cuenca del Orinoco, a Canaima y a otras zonas selv\u00e1ticas donde habitan los <em>Yekuana<\/em>\u201d.<\/p>\n<p>Nacida en Caracas en 1968, Claudia Lavegas se gradu\u00f3 de arquitecta en la Universidad Central de Venezuela en 1992. Asimismo, estudi\u00f3 acr\u00edlico sobre lienzo en la Escuela Federico Brandt en Caracas, y en 1995, decidi\u00f3 ampliar sus estudios y se traslad\u00f3 a Par\u00eds para cursar un postgrado en la \u00c9cole des Beaux-Arts, especializ\u00e1ndose en museolog\u00eda, as\u00ed como en escenograf\u00eda de \u00f3pera y teatro. Tras completar sus estudios acad\u00e9micos, regres\u00f3 a Venezuela, donde combin\u00f3 su carrera con sus pasiones por la pintura y el arte contempor\u00e1neo. En 2010 fund\u00f3 Happy Hour Bags, una empresa de accesorios de moda donde se desempe\u00f1\u00f3 como directora creativa. En la b\u00fasqueda de expresar su creatividad a trav\u00e9s del pincel, emprende un nuevo proyecto en 2017, la creaci\u00f3n de Qilin Brand, una marca de accesorios que llevan su estilo reflejado en sombreros y accesorios de moda. En el 2018, continu\u00f3 su formaci\u00f3n acad\u00e9mica y complet\u00f3 un diplomado en arte contempor\u00e1neo en la Universidad Metropolitana.<\/p>\n<p>La exposici\u00f3n <em>\u00c4tt\u00e4<\/em>, de Claudia Lavegas permanecer\u00e1 en exhibici\u00f3n del 21 de marzo al 20 de abril de 2024, en la Galerie Wagner, en Par\u00eds, Francia.<\/p>\n","protected":false},"excerpt":{"rendered":"<p>\u201cLa casa es el tema y punto de partida en la obra de Claudia Lavegas. Pero no cualquier casa, sino espec\u00edficamente aquella donde vive una de las comunidades originarias de Venezuela: los Yekuana. De all\u00ed el t\u00edtulo de la exposici\u00f3n: \u00c4tt\u00e4 que significa Casa\u201d, tal y como afirma la curadora y cr\u00edtico de arte, Susana [&hellip;]<\/p>\n","protected":false},"author":2,"featured_media":21729,"comment_status":"closed","ping_status":"open","sticky":false,"template":"","format":"standard","meta":[],"categories":[93,146,2],"tags":[1371,1075],"wppr_data":{"cwp_meta_box_check":"No"},"_links":{"self":[{"href":"https:\/\/www.notaoficial.com\/s\/wp-json\/wp\/v2\/posts\/21728"}],"collection":[{"href":"https:\/\/www.notaoficial.com\/s\/wp-json\/wp\/v2\/posts"}],"about":[{"href":"https:\/\/www.notaoficial.com\/s\/wp-json\/wp\/v2\/types\/post"}],"author":[{"embeddable":true,"href":"https:\/\/www.notaoficial.com\/s\/wp-json\/wp\/v2\/users\/2"}],"replies":[{"embeddable":true,"href":"https:\/\/www.notaoficial.com\/s\/wp-json\/wp\/v2\/comments?post=21728"}],"version-history":[{"count":1,"href":"https:\/\/www.notaoficial.com\/s\/wp-json\/wp\/v2\/posts\/21728\/revisions"}],"predecessor-version":[{"id":21730,"href":"https:\/\/www.notaoficial.com\/s\/wp-json\/wp\/v2\/posts\/21728\/revisions\/21730"}],"wp:featuredmedia":[{"embeddable":true,"href":"https:\/\/www.notaoficial.com\/s\/wp-json\/wp\/v2\/media\/21729"}],"wp:attachment":[{"href":"https:\/\/www.notaoficial.com\/s\/wp-json\/wp\/v2\/media?parent=21728"}],"wp:term":[{"taxonomy":"category","embeddable":true,"href":"https:\/\/www.notaoficial.com\/s\/wp-json\/wp\/v2\/categories?post=21728"},{"taxonomy":"post_tag","embeddable":true,"href":"https:\/\/www.notaoficial.com\/s\/wp-json\/wp\/v2\/tags?post=21728"}],"curies":[{"name":"wp","href":"https:\/\/api.w.org\/{rel}","templated":true}]}}