{"id":21832,"date":"2024-03-26T00:07:12","date_gmt":"2024-03-26T04:07:12","guid":{"rendered":"https:\/\/www.notaoficial.com\/s\/?p=21832"},"modified":"2024-03-26T00:07:12","modified_gmt":"2024-03-26T04:07:12","slug":"mtv-anuncia-de-la-calle-la-nueva-docuserie","status":"publish","type":"post","link":"https:\/\/www.notaoficial.com\/s\/2024\/03\/26\/mtv-anuncia-de-la-calle-la-nueva-docuserie\/","title":{"rendered":"MTV anuncia \u201cDe la calle\u201d:  la nueva docuserie"},"content":{"rendered":"<p><b>\u201cDe la calle\u201d<\/b> se estren\u00f3 en el Festival Tribeca 2023 y est\u00e1 producida ejecutivamente, co-creada y presentada por el galardonado periodista <b>Nick Barili<\/b>. A lo largo de la serie, Barili une la m\u00fasica urbana latina desde Estados Unidos hasta Panam\u00e1, Puerto Rico, Cuba, M\u00e9xico, Colombia, Venezuela, Argentina, Espa\u00f1a y m\u00e1s all\u00e1. La serie se adentra en la di\u00e1spora latina para explorar y trazar la evoluci\u00f3n de la m\u00fasica urbana y las culturas que encendieron la revoluci\u00f3n musical del rap, reguet\u00f3n, bachata, trap latino, cumbia y otros sonidos que influyen en la m\u00fasica y la cultura a nivel mundial. Desde el perreo hasta cuestiones pol\u00edticas y las historias de rebeli\u00f3n, Barili se relaciona con m\u00fasicos, iconos culturales y personajes fascinantes que revelar\u00e1n la historia de la m\u00fasica urbana, su historia y su relevancia hoy en d\u00eda.<\/p>\n<p><i>\u00abComo inmigrante de primera generaci\u00f3n que aprendi\u00f3 a hablar ingl\u00e9s a trav\u00e9s del hip hop en la Escuela Primaria Malcolm X, crec\u00ed equilibrando dos mundos, hablando ingl\u00e9s en la escuela y espa\u00f1ol en casa\u00bb<\/i>, dijo Nick Barili, co-creador y presentador. <i>\u00abFui influenciado tanto por El General y Calle 13 como por E-40 y Outkast. DE LA CALLE fue creado para explorar c\u00f3mo las semillas de la calle que inspiraron al hip hop tambi\u00e9n est\u00e1n presentes en toda Am\u00e9rica Latina y Espa\u00f1a. Al ir a los barrios donde se cre\u00f3 El Movimiento, hablar con los pioneros que estuvieron all\u00ed, compartir las historias de origen de las superestrellas de hoy y ma\u00f1ana, estoy emocionado de tener a MTV Entertainment Studios como socios para llevar \u00b4De la calle\u00b4 al mundo\u00bb<\/i>.<\/p>\n<p><i>\u00abComo empresa que ha compartido historias globales durante los \u00faltimos 20 a\u00f1os, nos sentimos honrados de estar involucrados en una serie que amplifica el inmenso impacto de la m\u00fasica latina y los artistas en la m\u00fasica y la cultura mainstream\u00bb<\/i>, dijo Craig H. Shepherd, EVP en Zero Point Zero Production.<\/p>\n<p><b>\u201cDe la calle\u201d <\/b>presenta entrevistas con artistas como Fat Joe, N.O.R.E., Residente, Mala Rodr\u00edguez, Nicky Jam, Nicki Nicole, Villano Antillano, Sech, Goyo, Nathy Peluso, Santa Fe Klan, Jessie Reyes, Feid, Aleman, Gente De Zona, Aczino, Princess Nokia, Kombilesa Mi, Renato y muchos m\u00e1s.<\/p>\n<p><b>\u201cDe la calle\u201d<\/b> es producida ejecutivamente por Nick Barili para Hard Knock TV, Christopher Collins, Lydia Tenaglia, Craig H. Shepherd y Jared Andrukanis para Zero Point Zero Production, Bruce Gillmer y Amanda Culkowski para MTV Entertainment Studios y Picky Talarico.<span style=\"color: #888888;\"><br \/>\n<\/span><\/p>\n","protected":false},"excerpt":{"rendered":"<p>\u201cDe la calle\u201d se estren\u00f3 en el Festival Tribeca 2023 y est\u00e1 producida ejecutivamente, co-creada y presentada por el galardonado periodista Nick Barili. A lo largo de la serie, Barili une la m\u00fasica urbana latina desde Estados Unidos hasta Panam\u00e1, Puerto Rico, Cuba, M\u00e9xico, Colombia, Venezuela, Argentina, Espa\u00f1a y m\u00e1s all\u00e1. La serie se adentra [&hellip;]<\/p>\n","protected":false},"author":2,"featured_media":21833,"comment_status":"closed","ping_status":"open","sticky":false,"template":"","format":"standard","meta":[],"categories":[93,146,2],"tags":[1371,381],"wppr_data":{"cwp_meta_box_check":"No"},"_links":{"self":[{"href":"https:\/\/www.notaoficial.com\/s\/wp-json\/wp\/v2\/posts\/21832"}],"collection":[{"href":"https:\/\/www.notaoficial.com\/s\/wp-json\/wp\/v2\/posts"}],"about":[{"href":"https:\/\/www.notaoficial.com\/s\/wp-json\/wp\/v2\/types\/post"}],"author":[{"embeddable":true,"href":"https:\/\/www.notaoficial.com\/s\/wp-json\/wp\/v2\/users\/2"}],"replies":[{"embeddable":true,"href":"https:\/\/www.notaoficial.com\/s\/wp-json\/wp\/v2\/comments?post=21832"}],"version-history":[{"count":1,"href":"https:\/\/www.notaoficial.com\/s\/wp-json\/wp\/v2\/posts\/21832\/revisions"}],"predecessor-version":[{"id":21834,"href":"https:\/\/www.notaoficial.com\/s\/wp-json\/wp\/v2\/posts\/21832\/revisions\/21834"}],"wp:featuredmedia":[{"embeddable":true,"href":"https:\/\/www.notaoficial.com\/s\/wp-json\/wp\/v2\/media\/21833"}],"wp:attachment":[{"href":"https:\/\/www.notaoficial.com\/s\/wp-json\/wp\/v2\/media?parent=21832"}],"wp:term":[{"taxonomy":"category","embeddable":true,"href":"https:\/\/www.notaoficial.com\/s\/wp-json\/wp\/v2\/categories?post=21832"},{"taxonomy":"post_tag","embeddable":true,"href":"https:\/\/www.notaoficial.com\/s\/wp-json\/wp\/v2\/tags?post=21832"}],"curies":[{"name":"wp","href":"https:\/\/api.w.org\/{rel}","templated":true}]}}