{"id":21851,"date":"2024-03-27T23:13:04","date_gmt":"2024-03-28T03:13:04","guid":{"rendered":"https:\/\/www.notaoficial.com\/s\/?p=21851"},"modified":"2024-03-27T23:13:04","modified_gmt":"2024-03-28T03:13:04","slug":"venesti-presenta-su-nuevo-sencillo-promocional-es-normal","status":"publish","type":"post","link":"https:\/\/www.notaoficial.com\/s\/2024\/03\/27\/venesti-presenta-su-nuevo-sencillo-promocional-es-normal\/","title":{"rendered":"Venesti presenta su nuevo sencillo promocional \u201cEs Normal\u201d"},"content":{"rendered":"<p>La nueva sensaci\u00f3n de la m\u00fasica latina,\u00a0<b>Venesti (@venestimusic)<\/b>, contin\u00faa con su ascendente camino al \u00e9xito con el lanzamiento de su sencillo promocional<b>\u00a0\u201cEs Normal\u201d<\/b>, extra\u00eddo de su primer \u00e1lbum de estudio, \u201cDe La Nada\u201d, bajo el respaldo del prestigioso sello discogr\u00e1fico AP Global Music.<\/p>\n<p><b>\u201cEs Normal\u201d\u00a0<\/b>es una melod\u00eda Pop- Afrobeat que demuestra la habilidad \u00fanica de Venesti para crear hits que resuenan tanto en el coraz\u00f3n como en los \u201cpies\u201dde sus oyentes. La canci\u00f3n, producida por Milo Beat, fue escrita por el propio Venesti, a\u00f1adiendo un toque personal e \u00edntimo a este tema que promete convertirse en el nuevo himno de la m\u00fasica latina.<\/p>\n<p>El lanzamiento del sencillo viene acompa\u00f1ado de su videoclip oficial, de la producci\u00f3n de Gabriel Graffer y dirigido por Anthony S\u00e1nchez, grabado en la vibrante ciudad de Medell\u00edn, Colombia. El video captura a la perfecci\u00f3n la esencia de \u201cEs Normal\u201d, mostrando una historia de amor en la que el protagonista es el mismo Venesti.<\/p>\n<p>Con \u201cEs Normal\u201d, Venesti no solo contin\u00faa su ascendente trayectoria en la m\u00fasica latina, sino que tambi\u00e9n solidifica su posici\u00f3n como uno de los artistas m\u00e1s innovadores y emocionantes de su generaci\u00f3n. Este lanzamiento sigue al reciente logro de Venesti, su primera nominaci\u00f3n a los Latin American Music Awards en la categor\u00eda \u00abNuevo Artista del A\u00f1o\u00bb, un testimonio de su talento excepcional y su impacto en la escena musical.<\/p>\n<p>Pueden escuchar \u201cEs Normal\u201d en todas las plataformas digitales.<span style=\"color: #888888;\"><br clear=\"all\" \/><\/span><\/p>\n","protected":false},"excerpt":{"rendered":"<p>La nueva sensaci\u00f3n de la m\u00fasica latina,\u00a0Venesti (@venestimusic), contin\u00faa con su ascendente camino al \u00e9xito con el lanzamiento de su sencillo promocional\u00a0\u201cEs Normal\u201d, extra\u00eddo de su primer \u00e1lbum de estudio, \u201cDe La Nada\u201d, bajo el respaldo del prestigioso sello discogr\u00e1fico AP Global Music. \u201cEs Normal\u201d\u00a0es una melod\u00eda Pop- Afrobeat que demuestra la habilidad \u00fanica de [&hellip;]<\/p>\n","protected":false},"author":2,"featured_media":21852,"comment_status":"closed","ping_status":"open","sticky":false,"template":"","format":"standard","meta":[],"categories":[93,146,2],"tags":[1371,381],"wppr_data":{"cwp_meta_box_check":"No"},"_links":{"self":[{"href":"https:\/\/www.notaoficial.com\/s\/wp-json\/wp\/v2\/posts\/21851"}],"collection":[{"href":"https:\/\/www.notaoficial.com\/s\/wp-json\/wp\/v2\/posts"}],"about":[{"href":"https:\/\/www.notaoficial.com\/s\/wp-json\/wp\/v2\/types\/post"}],"author":[{"embeddable":true,"href":"https:\/\/www.notaoficial.com\/s\/wp-json\/wp\/v2\/users\/2"}],"replies":[{"embeddable":true,"href":"https:\/\/www.notaoficial.com\/s\/wp-json\/wp\/v2\/comments?post=21851"}],"version-history":[{"count":1,"href":"https:\/\/www.notaoficial.com\/s\/wp-json\/wp\/v2\/posts\/21851\/revisions"}],"predecessor-version":[{"id":21853,"href":"https:\/\/www.notaoficial.com\/s\/wp-json\/wp\/v2\/posts\/21851\/revisions\/21853"}],"wp:featuredmedia":[{"embeddable":true,"href":"https:\/\/www.notaoficial.com\/s\/wp-json\/wp\/v2\/media\/21852"}],"wp:attachment":[{"href":"https:\/\/www.notaoficial.com\/s\/wp-json\/wp\/v2\/media?parent=21851"}],"wp:term":[{"taxonomy":"category","embeddable":true,"href":"https:\/\/www.notaoficial.com\/s\/wp-json\/wp\/v2\/categories?post=21851"},{"taxonomy":"post_tag","embeddable":true,"href":"https:\/\/www.notaoficial.com\/s\/wp-json\/wp\/v2\/tags?post=21851"}],"curies":[{"name":"wp","href":"https:\/\/api.w.org\/{rel}","templated":true}]}}