{"id":2188,"date":"2018-07-10T14:03:47","date_gmt":"2018-07-10T18:03:47","guid":{"rendered":"http:\/\/www.notaoficial.com\/s\/?p=2188"},"modified":"2018-07-09T10:08:44","modified_gmt":"2018-07-09T14:08:44","slug":"todo-cerati-en-el-centro-cultural-bod","status":"publish","type":"post","link":"https:\/\/www.notaoficial.com\/s\/2018\/07\/10\/todo-cerati-en-el-centro-cultural-bod\/","title":{"rendered":"Todo Cerati en el Centro Cultural BOD"},"content":{"rendered":"<p>Por primera vez en los escenarios del pa\u00eds, uno de los m\u00e1ximos tributos a la legendaria banda argentina Soda Stereo y a su l\u00edder Gustavo Cerati.<\/p>\n<p>Ser\u00e1 un viaje en el tiempo por la m\u00fasica de uno de los m\u00e1ximos exponentes del rock en espa\u00f1ol de todos los tiempos, que el pr\u00f3ximo s\u00e1bado 14 y domingo 15 de julio tomar\u00e1 la sala de conciertos del Centro Cultural BOD, en Caracas.<\/p>\n<p>Importantes venezolanos protagonizan este homenaje a la m\u00edtica banda argentina, devenida en leyenda del rock en espa\u00f1ol gracias a su fidelidad est\u00e9tica y sonora. El espectador vivir\u00e1 una especie de viaje musical en el tiempo, con toda la emoci\u00f3n de la m\u00fasica de Soda y Cerati.<\/p>\n<p>Este concierto toma el nombre ce Cerati Infinito, un \u00e1lbum p\u00f3stumo editado en CD y DVD y lanzado al mercado en junio de 2015. Al igual que esta producci\u00f3n, en este concierto se mostrar\u00e1n distintas etapas grupales y solistas de Gustavo Adri\u00e1n Cerati, \u200b\u200b\u200b m\u00fasico, cantautor, compositor y productor discogr\u00e1fico argentino, vocalista y compositor de Soda Stereo, considerado uno de los m\u00e1s influyentes y reconocidos m\u00fasicos del rock latinoamericano.\u200b\u200b, quien falleciera en el 4 de septiembre de 2014, tras m\u00e1s de cuatro a\u00f1os en coma a consecuencia de un accidente cerebrovascular sufrido a pocos minutos de finalizar una presentaci\u00f3n en Caracas, en mayo de 2010.<\/p>\n<p>Bajo la direcci\u00f3n del reconocido tecladista venezolano Gilberto Berm\u00fadez, participan Guillermo Carrasco, Biella Da Costa, George Henriquez, Manuel Miraval, Gabriel Figueira (Gaelica) Mannel Mu\u00f1\u00f3z (20\/20), Luis Ir\u00e1n, (los Paranoias), entre otros.<\/p>\n<p>Las entradas para las dos funciones de Soda Stereo: Cerati Infinito, evento patrocinado por Movistar, est\u00e1n a la venta a trav\u00e9s del portal www.ticketmundo.com y en las taquillas del Centro Cultural BOD, en La Castellana. Mayor informaci\u00f3n en www.centroculturalbod.com tel\u00e9fonos: 0800CCBOD 00 (0800 22263 00) o por el Twitter @cculturalbod<\/p>\n","protected":false},"excerpt":{"rendered":"<p>Por primera vez en los escenarios del pa\u00eds, uno de los m\u00e1ximos tributos a la legendaria banda argentina Soda Stereo y a su l\u00edder Gustavo Cerati. Ser\u00e1 un viaje en el tiempo por la m\u00fasica de uno de los m\u00e1ximos exponentes del rock en espa\u00f1ol de todos los tiempos, que el pr\u00f3ximo s\u00e1bado 14 y [&hellip;]<\/p>\n","protected":false},"author":2,"featured_media":2189,"comment_status":"closed","ping_status":"open","sticky":false,"template":"","format":"standard","meta":[],"categories":[463,2],"tags":[539,49,379,542,545,540,537,538,546,544,543,541,536],"wppr_data":[],"_links":{"self":[{"href":"https:\/\/www.notaoficial.com\/s\/wp-json\/wp\/v2\/posts\/2188"}],"collection":[{"href":"https:\/\/www.notaoficial.com\/s\/wp-json\/wp\/v2\/posts"}],"about":[{"href":"https:\/\/www.notaoficial.com\/s\/wp-json\/wp\/v2\/types\/post"}],"author":[{"embeddable":true,"href":"https:\/\/www.notaoficial.com\/s\/wp-json\/wp\/v2\/users\/2"}],"replies":[{"embeddable":true,"href":"https:\/\/www.notaoficial.com\/s\/wp-json\/wp\/v2\/comments?post=2188"}],"version-history":[{"count":1,"href":"https:\/\/www.notaoficial.com\/s\/wp-json\/wp\/v2\/posts\/2188\/revisions"}],"predecessor-version":[{"id":2190,"href":"https:\/\/www.notaoficial.com\/s\/wp-json\/wp\/v2\/posts\/2188\/revisions\/2190"}],"wp:featuredmedia":[{"embeddable":true,"href":"https:\/\/www.notaoficial.com\/s\/wp-json\/wp\/v2\/media\/2189"}],"wp:attachment":[{"href":"https:\/\/www.notaoficial.com\/s\/wp-json\/wp\/v2\/media?parent=2188"}],"wp:term":[{"taxonomy":"category","embeddable":true,"href":"https:\/\/www.notaoficial.com\/s\/wp-json\/wp\/v2\/categories?post=2188"},{"taxonomy":"post_tag","embeddable":true,"href":"https:\/\/www.notaoficial.com\/s\/wp-json\/wp\/v2\/tags?post=2188"}],"curies":[{"name":"wp","href":"https:\/\/api.w.org\/{rel}","templated":true}]}}