{"id":2191,"date":"2018-07-10T16:09:25","date_gmt":"2018-07-10T20:09:25","guid":{"rendered":"http:\/\/www.notaoficial.com\/s\/?p=2191"},"modified":"2018-07-09T10:12:43","modified_gmt":"2018-07-09T14:12:43","slug":"taller-epa-le-ensena-infantil-recorrera-tiendas-de-todo-el-pais","status":"publish","type":"post","link":"https:\/\/www.notaoficial.com\/s\/2018\/07\/10\/taller-epa-le-ensena-infantil-recorrera-tiendas-de-todo-el-pais\/","title":{"rendered":"Taller EPA Le Ense\u00f1a Infantil recorrer\u00e1 tiendas de todo el pa\u00eds"},"content":{"rendered":"<p>EPA trae desde este 8 de julio y hasta el domingo 9 de septiembre el taller EPA Le Ense\u00f1a Infantil, que ser\u00e1 dictado a nivel nacional, iniciando este domingo en la tienda ubicada en San Mart\u00edn, en el municipio Libertador del estado Miranda.<\/p>\n<p>La actividad busca aprovechar la \u00e9poca vacacional para facilitar a los ni\u00f1os talleres educativos los fines de semana relacionados a la construcci\u00f3n y decoraci\u00f3n de proyectos, que les permita de manera l\u00fadica compartir en familia mientras disfrutan de recreaci\u00f3n y concursos.<\/p>\n<p>Los talleres ser\u00e1n dictados en dos grupos de 20 ni\u00f1os, el primero desde las 11:00 de la ma\u00f1ana y el segundo a las 3:00 de la tarde, con la intenci\u00f3n de facilitar la participaci\u00f3n de los peque\u00f1os y que puedan desarrollar de mejor manera sus destrezas durante la jornada.<\/p>\n<p>El objetivo es que durante estos encuentros totalmente gratuitos, los ni\u00f1os presentes tambi\u00e9n puedan conocer que elementos deben tomar en consideraci\u00f3n al momento de armar sus casitas de madera, as\u00ed como los principios esenciales para su decoraci\u00f3n.<\/p>\n<p>Tambi\u00e9n habr\u00e1 un espacio reservado para la diversi\u00f3n con colchones inflables y pintacaritas, as\u00ed como recreadores que realizar\u00e1n diferentes actividades para la distracci\u00f3n de ni\u00f1os y adultos.<\/p>\n<p>Mayor informaci\u00f3n, a trav\u00e9s de la p\u00e1gina web <a href=\"http:\/\/www.epa.biz\/ve\">www.epa.biz\/ve<\/a>, o por las redes sociales: Twitter @FerreteriaEPAVE e Instagram @FerreteriaEPAVE y EPA Venezuela en Facebook. Usa la etiqueta #EPAleense\u00f1a<\/p>\n","protected":false},"excerpt":{"rendered":"<p>EPA trae desde este 8 de julio y hasta el domingo 9 de septiembre el taller EPA Le Ense\u00f1a Infantil, que ser\u00e1 dictado a nivel nacional, iniciando este domingo en la tienda ubicada en San Mart\u00edn, en el municipio Libertador del estado Miranda. La actividad busca aprovechar la \u00e9poca vacacional para facilitar a los ni\u00f1os [&hellip;]<\/p>\n","protected":false},"author":2,"featured_media":2192,"comment_status":"closed","ping_status":"open","sticky":false,"template":"","format":"standard","meta":[],"categories":[93,94,2],"tags":[269,547,548,472,15],"wppr_data":[],"_links":{"self":[{"href":"https:\/\/www.notaoficial.com\/s\/wp-json\/wp\/v2\/posts\/2191"}],"collection":[{"href":"https:\/\/www.notaoficial.com\/s\/wp-json\/wp\/v2\/posts"}],"about":[{"href":"https:\/\/www.notaoficial.com\/s\/wp-json\/wp\/v2\/types\/post"}],"author":[{"embeddable":true,"href":"https:\/\/www.notaoficial.com\/s\/wp-json\/wp\/v2\/users\/2"}],"replies":[{"embeddable":true,"href":"https:\/\/www.notaoficial.com\/s\/wp-json\/wp\/v2\/comments?post=2191"}],"version-history":[{"count":1,"href":"https:\/\/www.notaoficial.com\/s\/wp-json\/wp\/v2\/posts\/2191\/revisions"}],"predecessor-version":[{"id":2193,"href":"https:\/\/www.notaoficial.com\/s\/wp-json\/wp\/v2\/posts\/2191\/revisions\/2193"}],"wp:featuredmedia":[{"embeddable":true,"href":"https:\/\/www.notaoficial.com\/s\/wp-json\/wp\/v2\/media\/2192"}],"wp:attachment":[{"href":"https:\/\/www.notaoficial.com\/s\/wp-json\/wp\/v2\/media?parent=2191"}],"wp:term":[{"taxonomy":"category","embeddable":true,"href":"https:\/\/www.notaoficial.com\/s\/wp-json\/wp\/v2\/categories?post=2191"},{"taxonomy":"post_tag","embeddable":true,"href":"https:\/\/www.notaoficial.com\/s\/wp-json\/wp\/v2\/tags?post=2191"}],"curies":[{"name":"wp","href":"https:\/\/api.w.org\/{rel}","templated":true}]}}