{"id":21925,"date":"2024-04-01T23:32:55","date_gmt":"2024-04-02T03:32:55","guid":{"rendered":"https:\/\/www.notaoficial.com\/s\/?p=21925"},"modified":"2024-04-01T23:32:55","modified_gmt":"2024-04-02T03:32:55","slug":"cheo-hurtado-celebra-dos-decadas-de-la-siembra-del-cuatro","status":"publish","type":"post","link":"https:\/\/www.notaoficial.com\/s\/2024\/04\/01\/cheo-hurtado-celebra-dos-decadas-de-la-siembra-del-cuatro\/","title":{"rendered":"Cheo Hurtado celebra dos d\u00e9cadas de La Siembra del Cuatro"},"content":{"rendered":"<div>Venezuela resuena en su tradici\u00f3n de cuatro cuerdas\u2026 Este 4 de abril, el sue\u00f1o de Cheo Hurtado de plantar en\u00a0las nuevas generaciones de venezolanos el amor por el bien llamado \u201cinstrumento nacional\u201d celebra veinte a\u00f1os de haberse convertido en una espl\u00e9ndida realidad, arriba a dos d\u00e9cadas de esparcir su riqueza sonora y versatilidad por todo el mundo, estableciendo in\u00e9ditos est\u00e1ndares de ejecuci\u00f3n y formaci\u00f3n.<\/p>\n<p>Es por eso que el s\u00e1bado 6 y domingo 7 de abril, de 10:00 a.m. a 7:00 p.m., La Casona Cultural Aquiles Nazoa albergar\u00e1 la intensa programaci\u00f3n de exposiciones, talleres y conciertos\u00a0 preparados para esta fiesta\u00a0aniversaria.<\/p>\n<p>All\u00ed tambi\u00e9n se realizar\u00e1 la VIII edici\u00f3n del Concurso Internacional de Ejecuci\u00f3n, con la participaci\u00f3n de 24 competidores provenientes de diversas ciudades de Venezuela y Colombia, cuyos videos de postulaci\u00f3n pueden ser apreciados en el canal de Youtube de La Siembra.<\/p>\n<p>Cabe destacar\u00a0que a lo largo de estas dos d\u00e9cadas se\u00a0han realizado diez festivales,\u00a0 de los cuales tres han sido participativos y\u00a0siete competitivos, al que se agrega esta nueva versi\u00f3n.<\/p>\n<p>En el pasado, el certamen ha dado a conocer\u00a0ganadores y participantes que hoy son emblema del talento superlativo de nuestros cuatristas. A\u00a0los nombres de los triunfadores en afinaci\u00f3n tradicional: Carlos Capacho (2004), Jorge Glem (2005), Miguel Siso (2007),\u00a0\u00a0Nelson Gonz\u00e1lez (2012), Daniel Requena (2013), Alis Cruces (2017) e Isidro Landaeta (2019);\u00a0se suman los de Albert Hern\u00e1ndez (2004), Roney Silva\u00a0 (2005) y Jos\u00e9 Luis Lara+ (2007), merecedores del primer lugar en la categor\u00eda afinaci\u00f3n aguda, y Liceth Hern\u00e1ndez,\u00a0vencedora en la categor\u00eda femenina en\u00a0 el 2004.<\/p>\n<p>Edward Ram\u00edrez, Leo Rond\u00f3n, Luis Pino, H\u00e9ctor Molina, Henry Linarez,\u00a0H\u00e9ctor Medina,\u00a0 F\u00e9lix Crudele y Carlos Su\u00e1rez,\u00a0uno de los ganadores del concurso de\u00a0composici\u00f3n\u00a0junto a Albert Hern\u00e1ndez y Daniel Requena, por solo mencionar algunos, tambi\u00e9n surgieron de este influyente evento organizado en su inicios por la Fundaci\u00f3n Guayana Es y ahora por la Fundaci\u00f3n La Siembra del Cuatro, responsable de la organizaci\u00f3n de esta edici\u00f3n y de todos los eventos relacionados.<\/p>\n<p>A estos notables frutos hay que a\u00f1adir conquistas institucionales como la declaratoria del\u00a0cuatro\u00a0venezolano como Patrimonio Cultural de la Naci\u00f3n, realizada el 9 de abril de 2013, exalt\u00e1ndolo como \u201cel s\u00edmbolo cultural nacional de nuestras expresiones musicales\u201d, y otras m\u00e1s recientes como la firma de \u00a0un convenio entre la \u00a0Universidad Pedag\u00f3gica Experimental Libertador (UPEL) y la Fundaci\u00f3n La\u00a0Siembra\u00a0del\u00a0Cuatro\u00a0para la creaci\u00f3n de la\u00a0C\u00e1tedra Libre de\u00a0Cuatro\u00a0Venezolano.<\/p>\n<p>Sobre todo esto, el maestro Cheo Hurtado, aclamado virtuoso a quien se debe la gestaci\u00f3n y permanencia de esta iniciativa y quien ha llevado nuestra tradici\u00f3n de\u00a0cuatro\u00a0cuerdas por todo el mundo, comenta: \u00abEn este vig\u00e9simo aniversario queremos compartir\u00a0la evoluci\u00f3n de una propuesta que ha regalado al pa\u00eds extraordinarios instrumentistas cuyos \u00a0logros derivados de esta plataforma han elevado el instrumento nacional e incentivado numerosos movimientos cuatr\u00edsticos, tanto en Venezuela como en el exterior\u201d.<\/p>\n<p>Este s\u00e1bado 6 y domingo 7 de abril, \u00a0el p\u00fablico tendr\u00e1 la oportunidad de celebrar con \u00e9l y disfrutar los frutos de esta labor que promete seguir dejando huella. La entrada es libre.<\/p><\/div>\n","protected":false},"excerpt":{"rendered":"<p>Venezuela resuena en su tradici\u00f3n de cuatro cuerdas\u2026 Este 4 de abril, el sue\u00f1o de Cheo Hurtado de plantar en\u00a0las nuevas generaciones de venezolanos el amor por el bien llamado \u201cinstrumento nacional\u201d celebra veinte a\u00f1os de haberse convertido en una espl\u00e9ndida realidad, arriba a dos d\u00e9cadas de esparcir su riqueza sonora y versatilidad por todo [&hellip;]<\/p>\n","protected":false},"author":2,"featured_media":21926,"comment_status":"closed","ping_status":"open","sticky":false,"template":"","format":"standard","meta":[],"categories":[93,146,2],"tags":[1371,381],"wppr_data":{"cwp_meta_box_check":"No"},"_links":{"self":[{"href":"https:\/\/www.notaoficial.com\/s\/wp-json\/wp\/v2\/posts\/21925"}],"collection":[{"href":"https:\/\/www.notaoficial.com\/s\/wp-json\/wp\/v2\/posts"}],"about":[{"href":"https:\/\/www.notaoficial.com\/s\/wp-json\/wp\/v2\/types\/post"}],"author":[{"embeddable":true,"href":"https:\/\/www.notaoficial.com\/s\/wp-json\/wp\/v2\/users\/2"}],"replies":[{"embeddable":true,"href":"https:\/\/www.notaoficial.com\/s\/wp-json\/wp\/v2\/comments?post=21925"}],"version-history":[{"count":1,"href":"https:\/\/www.notaoficial.com\/s\/wp-json\/wp\/v2\/posts\/21925\/revisions"}],"predecessor-version":[{"id":21927,"href":"https:\/\/www.notaoficial.com\/s\/wp-json\/wp\/v2\/posts\/21925\/revisions\/21927"}],"wp:featuredmedia":[{"embeddable":true,"href":"https:\/\/www.notaoficial.com\/s\/wp-json\/wp\/v2\/media\/21926"}],"wp:attachment":[{"href":"https:\/\/www.notaoficial.com\/s\/wp-json\/wp\/v2\/media?parent=21925"}],"wp:term":[{"taxonomy":"category","embeddable":true,"href":"https:\/\/www.notaoficial.com\/s\/wp-json\/wp\/v2\/categories?post=21925"},{"taxonomy":"post_tag","embeddable":true,"href":"https:\/\/www.notaoficial.com\/s\/wp-json\/wp\/v2\/tags?post=21925"}],"curies":[{"name":"wp","href":"https:\/\/api.w.org\/{rel}","templated":true}]}}