{"id":22005,"date":"2024-04-08T00:03:31","date_gmt":"2024-04-08T04:03:31","guid":{"rendered":"https:\/\/www.notaoficial.com\/s\/?p=22005"},"modified":"2024-04-08T00:03:31","modified_gmt":"2024-04-08T04:03:31","slug":"gledys-ibarra-llega-a-caracas-con-su-nuevo-reto-escenico","status":"publish","type":"post","link":"https:\/\/www.notaoficial.com\/s\/2024\/04\/08\/gledys-ibarra-llega-a-caracas-con-su-nuevo-reto-escenico\/","title":{"rendered":"Gledys Ibarra llega a Caracas con su nuevo reto esc\u00e9nico"},"content":{"rendered":"<p>nspirada en los grandes comediantes de su pa\u00eds, Gledys Ibarra se embarca en una nueva faceta que se ha propuesto transitar junto a su p\u00fablico de siempre: el\u00a0<em>Stand Up Comedy<\/em>.<\/p>\n<p>En\u00a0<strong>Yo no quiero reencarna<\/strong>r, montaje que estrenar\u00e1 en el Centro Cultural de Arte Moderno, en La Castellana, los d\u00edas 10, 11 y 12 de mayo;\u00a0<strong>\u00a0<\/strong>la actriz<strong>\u00a0<\/strong>cuenta -a trav\u00e9s de sus vivencias y tambi\u00e9n como parte de experiencias que atraviesan a todos-, temas que van de lo divino a lo terrenal, de lo misterioso a lo manifiesto, de lo simple a lo complejo, explorando el escenario con un estilo de comedia que siempre le ha fascinado e intrigado y en el que no se hab\u00eda atrevido a incursionar.<\/p>\n<p>Siempre en un tono divertido y en l\u00ednea de comedia, la actriz residenciada en Londres, Inglaterra, donde act\u00faa y se desempe\u00f1a como directora art\u00edstica de The Latin Stage, entre otras actividades; en la obra\u00a0no deja de lado la profundidad de una mujer madura que habla desde sus vivencias.<\/p>\n<p>Con un inteligente toque de humor, Ibarra hace un ejercicio de imaginaci\u00f3n junto a los asistentes al espect\u00e1culo: \u00bfC\u00f3mo es eso de llegar al cielo, de reencarnar?, \u00bfpor qu\u00e9 regresar tantas veces y qu\u00e9 precede a esas reencarnaciones?<\/p>\n<p>Para respetar las reglas de oro del <em>Stand Up<\/em> y de la comedia en general, y asegurarse de cumplir con los principios fundamentales de este estilo humor\u00edstico, la artista ha emprendido esta aventura esc\u00e9nica bajo el agudo ojo tutor de un maestro del g\u00e9nero: Laureano M\u00e1rquez, quien la ha acompa\u00f1ado\u00a0desde el inicio y durante todo el proceso de la preparaci\u00f3n de esta\u00a0 experiencia.<\/p>\n<p>\u00abEn este mon\u00f3logo Gledys muestra su talento\u00a0 para la comedia y el humor, un humor lleno de gracia reflexiva. Y si la gracia es un don de Dios, desde el humor tambi\u00e9n podemos dialogar con \u00c9l. \u201cYo no quiero reencarnar\u201d es un divertido mon\u00f3logo que nos invita a confrontarnos con nuestras inquietudes m\u00e1s profundas de la mejor manera. Despu\u00e9s de todo, la vida es una divertida, m\u00e1gica e irrepetible aventura que debe ser llevada siempre con humor\u201d, afirma M\u00e1rquez.<\/p>\n<p>La historia es original de Gledys Ibarra,\u00a0con guion de Iv\u00e1n Zambrano. El dise\u00f1o de Iluminaci\u00f3n es de\u00a0Jos\u00e9 Jim\u00e9nez, la coordinaci\u00f3n t\u00e9cnica de Richard Carpio, la fotograf\u00eda\u00a0de F\u00e9lix R\u00edos, el dise\u00f1o gr\u00e1fico de Carolina Valor y la producci\u00f3n general de Jorgita Rodr\u00edguez.<\/p>\n<p>Los boletos para disfrutar la actuaci\u00f3n de Gledys Ibarra en las tres \u00fanicas funciones de\u00a0<strong>Yo no quiero reencarnar\u00a0<\/strong>en Caracas, ya est\u00e1n disponibles a trav\u00e9s de\u00a0<a href=\"https:\/\/yosoyvenezuela.us16.list-manage.com\/track\/click?u=3e11387931e0ee076c9978b44&amp;id=8432eec14e&amp;e=c0bd415567\" target=\"_blank\" rel=\"noopener\" data-saferedirecturl=\"https:\/\/www.google.com\/url?q=https:\/\/yosoyvenezuela.us16.list-manage.com\/track\/click?u%3D3e11387931e0ee076c9978b44%26id%3D8432eec14e%26e%3Dc0bd415567&amp;source=gmail&amp;ust=1712634799932000&amp;usg=AOvVaw3qeSVXh-nnqGYOOShg4eky\">ticketmundo.com<\/a>\u00a0y\u00a0en\u00a0la\u00a0<wbr \/>taquilla externa de esta plataforma, ubicada\u00a0en\u00a0el nivel E2 del CCCT.<\/p>\n<p>Tambi\u00e9n pueden adquirirse directamente\u00a0en\u00a0el Centro\u00a0\u00a0Cultural\u00a0de Arte Moderno,\u00a0en\u00a0La\u00a0Castellana, de jueves a domingo de 10:00 a.m. a 5:00 p.m. M\u00e1s informaci\u00f3n en las redes sociales de\u00a0@vayaalteatro y @ccuturalam.<\/p>\n","protected":false},"excerpt":{"rendered":"<p>nspirada en los grandes comediantes de su pa\u00eds, Gledys Ibarra se embarca en una nueva faceta que se ha propuesto transitar junto a su p\u00fablico de siempre: el\u00a0Stand Up Comedy. En\u00a0Yo no quiero reencarnar, montaje que estrenar\u00e1 en el Centro Cultural de Arte Moderno, en La Castellana, los d\u00edas 10, 11 y 12 de mayo;\u00a0\u00a0la [&hellip;]<\/p>\n","protected":false},"author":2,"featured_media":22006,"comment_status":"closed","ping_status":"open","sticky":false,"template":"","format":"standard","meta":[],"categories":[93,146,2],"tags":[1371,2751],"wppr_data":{"cwp_meta_box_check":"No"},"_links":{"self":[{"href":"https:\/\/www.notaoficial.com\/s\/wp-json\/wp\/v2\/posts\/22005"}],"collection":[{"href":"https:\/\/www.notaoficial.com\/s\/wp-json\/wp\/v2\/posts"}],"about":[{"href":"https:\/\/www.notaoficial.com\/s\/wp-json\/wp\/v2\/types\/post"}],"author":[{"embeddable":true,"href":"https:\/\/www.notaoficial.com\/s\/wp-json\/wp\/v2\/users\/2"}],"replies":[{"embeddable":true,"href":"https:\/\/www.notaoficial.com\/s\/wp-json\/wp\/v2\/comments?post=22005"}],"version-history":[{"count":1,"href":"https:\/\/www.notaoficial.com\/s\/wp-json\/wp\/v2\/posts\/22005\/revisions"}],"predecessor-version":[{"id":22007,"href":"https:\/\/www.notaoficial.com\/s\/wp-json\/wp\/v2\/posts\/22005\/revisions\/22007"}],"wp:featuredmedia":[{"embeddable":true,"href":"https:\/\/www.notaoficial.com\/s\/wp-json\/wp\/v2\/media\/22006"}],"wp:attachment":[{"href":"https:\/\/www.notaoficial.com\/s\/wp-json\/wp\/v2\/media?parent=22005"}],"wp:term":[{"taxonomy":"category","embeddable":true,"href":"https:\/\/www.notaoficial.com\/s\/wp-json\/wp\/v2\/categories?post=22005"},{"taxonomy":"post_tag","embeddable":true,"href":"https:\/\/www.notaoficial.com\/s\/wp-json\/wp\/v2\/tags?post=22005"}],"curies":[{"name":"wp","href":"https:\/\/api.w.org\/{rel}","templated":true}]}}