{"id":22113,"date":"2024-04-19T23:33:22","date_gmt":"2024-04-20T03:33:22","guid":{"rendered":"https:\/\/www.notaoficial.com\/s\/?p=22113"},"modified":"2024-04-19T23:33:22","modified_gmt":"2024-04-20T03:33:22","slug":"gonza-enciende-el-ritmo-urbano-con-coquette","status":"publish","type":"post","link":"https:\/\/www.notaoficial.com\/s\/2024\/04\/19\/gonza-enciende-el-ritmo-urbano-con-coquette\/","title":{"rendered":"Gonza enciende el ritmo urbano con \u201cCoquette\u201d"},"content":{"rendered":"<p><b>Gonza<\/b>\u00a0(@<a href=\"http:\/\/gonza.pr\" target=\"_blank\" rel=\"noopener\" data-saferedirecturl=\"https:\/\/www.google.com\/url?q=http:\/\/gonza.pr&amp;source=gmail&amp;ust=1713669498753000&amp;usg=AOvVaw1aWArJNpUmPa5oApxRe3_U\">gonza.pr<\/a>), el talento del sello discogr\u00e1fico\u00a0<b>AP Global Music<\/b>, irrumpe en la escena musical con su nuevo sencillo\u00a0<b>\u201cCoquette\u201d<\/b>. Este lanzamiento marca un nuevo cap\u00edtulo en su carrera, ofreciendo una mezcla \u00fanica de ritmos urbanos con una letra que navega por la complejidad de las relaciones modernas.<\/p>\n<p>La profundidad y color de la voz de Gonza dotan a \u201cCoquette\u201d de una cualidad casi magn\u00e9tica, convirtiendo al tema en una experiencia auditiva que trasciende lo convencional, bajo la producci\u00f3n de Jani y Zarrel La Z.<\/p>\n<p><i>\u00abCon &#8216;Coquette&#8217;, quise sumergir a mis oyentes en una historia que todos hemos vivido de alguna manera. Es una experiencia, una exploraci\u00f3n de esos momentos cargados de tensi\u00f3n y deseo. Es mi invitaci\u00f3n a sentir, a vivir la m\u00fasica como yo la siento\u00bb<\/i>, comenta Gonza.<\/p>\n<p>El video musical (<a href=\"https:\/\/youtu.be\/xREAlQEHbpA?si=np3HWcheC9sWxS-y\" target=\"_blank\" rel=\"noopener\" data-saferedirecturl=\"https:\/\/www.google.com\/url?q=https:\/\/youtu.be\/xREAlQEHbpA?si%3Dnp3HWcheC9sWxS-y&amp;source=gmail&amp;ust=1713669498753000&amp;usg=AOvVaw1jm8SDL1atfwYP9G38fhP7\">https:\/\/youtu.be\/xREAlQEHbpA?<wbr \/>si=np3HWcheC9sWxS-y<\/a>), una creaci\u00f3n visual de Cotty y Justin G\u00f3mez, es una representaci\u00f3n art\u00edstica de la canci\u00f3n grabada San Juan, Puerto Rico. Este no es solo un acompa\u00f1amiento a la m\u00fasica, sino una inmersi\u00f3n en una historia contada a trav\u00e9s de im\u00e1genes que evocan la esencia de \u201cCoquette\u201d. Con una est\u00e9tica que captura la imaginaci\u00f3n, el video se convierte en la puerta de entrada a un mundo donde la fantas\u00eda y la sensualidad son protagonistas.<\/p>\n<p>Disfruta hoy de \u201cCoquette\u201d en tu plataforma digital favorita.<\/p>\n","protected":false},"excerpt":{"rendered":"<p>Gonza\u00a0(@gonza.pr), el talento del sello discogr\u00e1fico\u00a0AP Global Music, irrumpe en la escena musical con su nuevo sencillo\u00a0\u201cCoquette\u201d. Este lanzamiento marca un nuevo cap\u00edtulo en su carrera, ofreciendo una mezcla \u00fanica de ritmos urbanos con una letra que navega por la complejidad de las relaciones modernas. La profundidad y color de la voz de Gonza dotan [&hellip;]<\/p>\n","protected":false},"author":2,"featured_media":22114,"comment_status":"closed","ping_status":"open","sticky":false,"template":"","format":"standard","meta":[],"categories":[93,146,2],"tags":[1371,381],"wppr_data":{"cwp_meta_box_check":"No"},"_links":{"self":[{"href":"https:\/\/www.notaoficial.com\/s\/wp-json\/wp\/v2\/posts\/22113"}],"collection":[{"href":"https:\/\/www.notaoficial.com\/s\/wp-json\/wp\/v2\/posts"}],"about":[{"href":"https:\/\/www.notaoficial.com\/s\/wp-json\/wp\/v2\/types\/post"}],"author":[{"embeddable":true,"href":"https:\/\/www.notaoficial.com\/s\/wp-json\/wp\/v2\/users\/2"}],"replies":[{"embeddable":true,"href":"https:\/\/www.notaoficial.com\/s\/wp-json\/wp\/v2\/comments?post=22113"}],"version-history":[{"count":1,"href":"https:\/\/www.notaoficial.com\/s\/wp-json\/wp\/v2\/posts\/22113\/revisions"}],"predecessor-version":[{"id":22115,"href":"https:\/\/www.notaoficial.com\/s\/wp-json\/wp\/v2\/posts\/22113\/revisions\/22115"}],"wp:featuredmedia":[{"embeddable":true,"href":"https:\/\/www.notaoficial.com\/s\/wp-json\/wp\/v2\/media\/22114"}],"wp:attachment":[{"href":"https:\/\/www.notaoficial.com\/s\/wp-json\/wp\/v2\/media?parent=22113"}],"wp:term":[{"taxonomy":"category","embeddable":true,"href":"https:\/\/www.notaoficial.com\/s\/wp-json\/wp\/v2\/categories?post=22113"},{"taxonomy":"post_tag","embeddable":true,"href":"https:\/\/www.notaoficial.com\/s\/wp-json\/wp\/v2\/tags?post=22113"}],"curies":[{"name":"wp","href":"https:\/\/api.w.org\/{rel}","templated":true}]}}