{"id":22140,"date":"2024-04-21T23:46:38","date_gmt":"2024-04-22T03:46:38","guid":{"rendered":"https:\/\/www.notaoficial.com\/s\/?p=22140"},"modified":"2024-04-21T23:46:38","modified_gmt":"2024-04-22T03:46:38","slug":"luis-cuevas-resulta-ganador-del-viii-concurso-internacional-la-siembra-del-cuatro","status":"publish","type":"post","link":"https:\/\/www.notaoficial.com\/s\/2024\/04\/21\/luis-cuevas-resulta-ganador-del-viii-concurso-internacional-la-siembra-del-cuatro\/","title":{"rendered":"Luis Cuevas resulta ganador del VIII Concurso Internacional La Siembra del Cuatro"},"content":{"rendered":"<div>El instrumento nacional goza de buena salud. As\u00ed se pudo constatar en la presentaci\u00f3n de los\u00a0finalistas de la edici\u00f3n 2024 del prestigioso <em>Concurso Internacional La Siembra del Cuatro<\/em>, quienes cautivaron al p\u00fablico y al jurado con sus extraordinarias dotes y vers\u00e1til ejecuci\u00f3n los d\u00edas 6 y 7 de abril en la Casona Cultural.<\/p>\n<p>Unos tras otro se presentaron los 24 clasificados de este importante certamen creado en 2004 por el Maestro Cheo Hurtado. El s\u00e1bado 6 de abril, luego de la intensa jornada inicial, se anunciaron los doce competidores que pasar\u00edan a la etapa\u00a0final: \u00a0Angel Colorado, C\u00e9sar Cede\u00f1o, Deogo Casanova, Iv\u00e1n Fern\u00e1ndez, Jhostyn Colmenares, Juan Andr\u00e9s Pacheco, Luis Ulloa, Luis Cuevas, Marcos Perdomo, Mat\u00edas Garc\u00eda, Mayneth Espina y Miguel Ocanto.<\/p>\n<p>El domingo 7 de abril, luego de una larga deliberaci\u00f3n y de portentosas actuaciones, el jurado\u00a0integrado por los respetados m\u00fasicos y compositores venezolanos Huguette Contramaestre, Henry Rubio y Javier Mar\u00edn que declar\u00f3 como ganador del primer lugar a Luis Cuevas, cuatrista de 20 a\u00f1os de edad proveniente de Guatire, estado Miranda. El obtuvo como premios un cuatro donado por el reconocido luthier internacional Edgar Ram\u00edrez Roa y reconocimiento en met\u00e1lico.<\/p>\n<p>Proveniente del estado Nueva Esparta, el joven instrumentista C\u00e9sar Cede\u00f1o, de 20 a\u00f1os, sum\u00f3 m\u00e9ritos para conquistar el segundo lugar, seguido del talentoso cuatrista caraque\u00f1o \u00a0Angel Colorado, merecedor \u00a0del tercer lugar. Ellos recibieron un cuatro, un premio en met\u00e1lico, as\u00ed como diploma de honor.<\/p>\n<p>Durante la premiaci\u00f3n, el Maestro Cheo Hurtado resalt\u00f3 el alto nivel de los 24 finalistas, veintid\u00f3s de ellos provenientes de diversos estados de Venezuela y los dos restantes, venidos de Colombia.<\/p>\n<p>Otro de los grandes momentos de esta gala fue la presentaci\u00f3n de la emblem\u00e1tica agrupaci\u00f3n Ensamble Gurruf\u00edo, as\u00ed como del duo Suena4, integrado por el ganador de la VII edici\u00f3n de La Siembra, Isidro Landaeta, y por el ganador del III Concurso de Composici\u00f3n, Carlos Su\u00e1rez.<\/p>\n<p>Yuki Takeda, invitado especial de Jap\u00f3n, tuvo una destacada actuaci\u00f3n, al igual que el maestro Henry Rubio y las cantantes Mar\u00eda Ang\u00e9lica Porras, Huguette Contramaestre y Berenice del Moral. Como gran cierre, un ensamble de m\u00e1s de 30 cuatristas tuvo una aclamada participaci\u00f3n, muy aplaudida por el numeroso cita que presenci\u00f3 el evento que cont\u00f3 con el patrocinio de importantes empresas privadas y p\u00fablicas.<\/p><\/div>\n<div>\nEn el pasado, el certamen ha dado a conocer\u00a0ganadores y participantes que hoy son emblema del talento superlativo de nuestros cuatristas. A\u00a0los nombres de los triunfadores en afinaci\u00f3n tradicional: Carlos Capacho (2004), Jorge Glem (2005), Miguel Siso (2007),\u00a0\u00a0Nelson Gonz\u00e1lez (2012), Daniel Requena (2013), Alis Cruces (2017) e Isidro Landaeta (2019);\u00a0se suman los de Albert Hern\u00e1ndez (2004), Roney Silva\u00a0 (2005) y Jos\u00e9 Luis Lara+ (2007), merecedores del primer lugar en la categor\u00eda afinaci\u00f3n aguda, y Liceth Hern\u00e1ndez,\u00a0vencedora en la categor\u00eda femenina en\u00a0 el 2004.<\/p>\n<p>Edward Ram\u00edrez, Leo Rond\u00f3n, Luis Pino, H\u00e9ctor Molina, Henry Linarez,\u00a0H\u00e9ctor Medina,\u00a0 Fernando Rodr\u00edguez, F\u00e9lix Crudele y Carlos Su\u00e1rez, por solo mencionar algunos, tambi\u00e9n surgieron de este influyente evento organizado en su inicios por la Fundaci\u00f3n Guayana Es y ahora por la Fundaci\u00f3n La Siembra del Cuatro, responsable de la producci\u00f3n de esta edici\u00f3n y de todos los eventos relacionados.<\/p><\/div>\n","protected":false},"excerpt":{"rendered":"<p>El instrumento nacional goza de buena salud. As\u00ed se pudo constatar en la presentaci\u00f3n de los\u00a0finalistas de la edici\u00f3n 2024 del prestigioso Concurso Internacional La Siembra del Cuatro, quienes cautivaron al p\u00fablico y al jurado con sus extraordinarias dotes y vers\u00e1til ejecuci\u00f3n los d\u00edas 6 y 7 de abril en la Casona Cultural. Unos tras [&hellip;]<\/p>\n","protected":false},"author":2,"featured_media":22141,"comment_status":"closed","ping_status":"open","sticky":false,"template":"","format":"standard","meta":[],"categories":[93,146,2],"tags":[9368,381],"wppr_data":{"cwp_meta_box_check":"No"},"_links":{"self":[{"href":"https:\/\/www.notaoficial.com\/s\/wp-json\/wp\/v2\/posts\/22140"}],"collection":[{"href":"https:\/\/www.notaoficial.com\/s\/wp-json\/wp\/v2\/posts"}],"about":[{"href":"https:\/\/www.notaoficial.com\/s\/wp-json\/wp\/v2\/types\/post"}],"author":[{"embeddable":true,"href":"https:\/\/www.notaoficial.com\/s\/wp-json\/wp\/v2\/users\/2"}],"replies":[{"embeddable":true,"href":"https:\/\/www.notaoficial.com\/s\/wp-json\/wp\/v2\/comments?post=22140"}],"version-history":[{"count":1,"href":"https:\/\/www.notaoficial.com\/s\/wp-json\/wp\/v2\/posts\/22140\/revisions"}],"predecessor-version":[{"id":22142,"href":"https:\/\/www.notaoficial.com\/s\/wp-json\/wp\/v2\/posts\/22140\/revisions\/22142"}],"wp:featuredmedia":[{"embeddable":true,"href":"https:\/\/www.notaoficial.com\/s\/wp-json\/wp\/v2\/media\/22141"}],"wp:attachment":[{"href":"https:\/\/www.notaoficial.com\/s\/wp-json\/wp\/v2\/media?parent=22140"}],"wp:term":[{"taxonomy":"category","embeddable":true,"href":"https:\/\/www.notaoficial.com\/s\/wp-json\/wp\/v2\/categories?post=22140"},{"taxonomy":"post_tag","embeddable":true,"href":"https:\/\/www.notaoficial.com\/s\/wp-json\/wp\/v2\/tags?post=22140"}],"curies":[{"name":"wp","href":"https:\/\/api.w.org\/{rel}","templated":true}]}}