{"id":2215,"date":"2018-07-12T19:38:04","date_gmt":"2018-07-12T23:38:04","guid":{"rendered":"http:\/\/www.notaoficial.com\/s\/?p=2215"},"modified":"2018-07-12T17:47:08","modified_gmt":"2018-07-12T21:47:08","slug":"cultura-chacao-celebra-dia-del-arquitecto-2018-con-arquitour-en-homenaje-a-manuel-mujica-millan","status":"publish","type":"post","link":"https:\/\/www.notaoficial.com\/s\/2018\/07\/12\/cultura-chacao-celebra-dia-del-arquitecto-2018-con-arquitour-en-homenaje-a-manuel-mujica-millan\/","title":{"rendered":"Cultura Chacao celebra D\u00eda del Arquitecto 2018  con Arquitour en homenaje a Manuel Mujica Mill\u00e1n"},"content":{"rendered":"<p>Dentro de la programaci\u00f3n de rutas tur\u00edsticas que desarrolla Cultura Chacao a lo largo del a\u00f1o 2018, se ofrecer\u00e1 un Arquitour Especial enmarcado en el D\u00eda del Arquitecto, que tendr\u00e1 lugar en la urbanizaci\u00f3n Campo Alegre el s\u00e1bado 14 de julio a partir de las 9 am, y estar\u00e1 dedicado al arquitecto hispano venezolano, Manuel Mujica Mill\u00e1n (1897-1963).<\/p>\n<p>El recorrido contar\u00e1 con la gu\u00eda de especialistas en historia de la arquitectura y patrimonio cultural arquitect\u00f3nico, y girar\u00e1 en torno a algunas de las obras realizadas en Campo Alegre por este prestigioso arquitecto y urbanista, as\u00ed como tambi\u00e9n de otros arquitectos.<\/p>\n<p>Manuel Mujica Mill\u00e1n estuvo a cargo de importantes proyectos de remodelaci\u00f3n en el pa\u00eds, entre los que destaca la remodelaci\u00f3n del Pante\u00f3n Nacional, adem\u00e1s de proyectar y construir numerosas obras en diferentes urbanizaciones caraque\u00f1as, entre muchos otros proyectos.<\/p>\n<p>Quienes deseen participar en este <em>Arquitour <\/em>deben inscribirse previamente por el correo <a href=\"mailto:gerenciatac.cultura@gmail.com\">gerenciatac.cultura@gmail.com<\/a>\u00a0 El costo es de Bs.F 500.000,00 (Bs.S 500,00) por persona y el cupo es limitado.<\/p>\n<p>Mayor informaci\u00f3n puede ser solicitada por la p\u00e1gina web <a href=\"http:\/\/cultura.chacao.gob.ve\/\" data-saferedirecturl=\"https:\/\/www.google.com\/url?hl=es&amp;q=http:\/\/cultura.chacao.gob.ve\/&amp;source=gmail&amp;ust=1531505981725000&amp;usg=AFQjCNGGCXWyH_sj_wfAZXNbv8Pec92UOQ\">cultura.chacao.gob.ve<\/a>, o a trav\u00e9s de las cuentas de Twitter: <u><a href=\"https:\/\/twitter.com\/culturachacao\" data-saferedirecturl=\"https:\/\/www.google.com\/url?hl=es&amp;q=https:\/\/twitter.com\/culturachacao&amp;source=gmail&amp;ust=1531505981725000&amp;usg=AFQjCNGKPpRnca6tvS2IM-QonfNh9U1Jzw\">@culturachacao<\/a><\/u> Facebook: <a href=\"https:\/\/www.facebook.com\/culturachacao.org\" data-saferedirecturl=\"https:\/\/www.google.com\/url?hl=es&amp;q=https:\/\/www.facebook.com\/culturachacao.org&amp;source=gmail&amp;ust=1531505981725000&amp;usg=AFQjCNE6lkMNvcG5c4ebIfyNYwlN5Reu3Q\">culturachacao.org<\/a>\u00a0 Instagram: <a href=\"https:\/\/instagram.com\/culturachacao\/\" data-saferedirecturl=\"https:\/\/www.google.com\/url?hl=es&amp;q=https:\/\/instagram.com\/culturachacao\/&amp;source=gmail&amp;ust=1531505981725000&amp;usg=AFQjCNHF7OiWow1skEzkOI39NhabQOGqAw\">culturachacao<\/a><\/p>\n","protected":false},"excerpt":{"rendered":"<p>Dentro de la programaci\u00f3n de rutas tur\u00edsticas que desarrolla Cultura Chacao a lo largo del a\u00f1o 2018, se ofrecer\u00e1 un Arquitour Especial enmarcado en el D\u00eda del Arquitecto, que tendr\u00e1 lugar en la urbanizaci\u00f3n Campo Alegre el s\u00e1bado 14 de julio a partir de las 9 am, y estar\u00e1 dedicado al arquitecto hispano venezolano, Manuel [&hellip;]<\/p>\n","protected":false},"author":2,"featured_media":2216,"comment_status":"closed","ping_status":"open","sticky":false,"template":"","format":"standard","meta":[],"categories":[274,140,2],"tags":[613,611,49,277,610,612,15],"wppr_data":[],"_links":{"self":[{"href":"https:\/\/www.notaoficial.com\/s\/wp-json\/wp\/v2\/posts\/2215"}],"collection":[{"href":"https:\/\/www.notaoficial.com\/s\/wp-json\/wp\/v2\/posts"}],"about":[{"href":"https:\/\/www.notaoficial.com\/s\/wp-json\/wp\/v2\/types\/post"}],"author":[{"embeddable":true,"href":"https:\/\/www.notaoficial.com\/s\/wp-json\/wp\/v2\/users\/2"}],"replies":[{"embeddable":true,"href":"https:\/\/www.notaoficial.com\/s\/wp-json\/wp\/v2\/comments?post=2215"}],"version-history":[{"count":1,"href":"https:\/\/www.notaoficial.com\/s\/wp-json\/wp\/v2\/posts\/2215\/revisions"}],"predecessor-version":[{"id":2217,"href":"https:\/\/www.notaoficial.com\/s\/wp-json\/wp\/v2\/posts\/2215\/revisions\/2217"}],"wp:featuredmedia":[{"embeddable":true,"href":"https:\/\/www.notaoficial.com\/s\/wp-json\/wp\/v2\/media\/2216"}],"wp:attachment":[{"href":"https:\/\/www.notaoficial.com\/s\/wp-json\/wp\/v2\/media?parent=2215"}],"wp:term":[{"taxonomy":"category","embeddable":true,"href":"https:\/\/www.notaoficial.com\/s\/wp-json\/wp\/v2\/categories?post=2215"},{"taxonomy":"post_tag","embeddable":true,"href":"https:\/\/www.notaoficial.com\/s\/wp-json\/wp\/v2\/tags?post=2215"}],"curies":[{"name":"wp","href":"https:\/\/api.w.org\/{rel}","templated":true}]}}