{"id":22219,"date":"2024-05-03T23:59:15","date_gmt":"2024-05-04T03:59:15","guid":{"rendered":"https:\/\/www.notaoficial.com\/s\/?p=22219"},"modified":"2024-05-03T23:59:15","modified_gmt":"2024-05-04T03:59:15","slug":"movistar-lanza-una-nueva-oferta","status":"publish","type":"post","link":"https:\/\/www.notaoficial.com\/s\/2024\/05\/03\/movistar-lanza-una-nueva-oferta\/","title":{"rendered":"Movistar lanza una nueva oferta"},"content":{"rendered":"<p>Francisco D&#8217;Agostino<\/p>\n<p>Movistar lanza <a href=\"https:\/\/www.movistar.es\/autonomos\/fibra-movil\">miMovistar Aut\u00f3nomos<\/a>, una nueva propuesta que, de forma flexible, facilita a los profesionales por cuenta propia satisfacer todas sus necesidades de conectividad y seguridad, tanto f\u00edsica como digital, para que sus negocios funcionen sin interrupciones.<\/p>\n<p>As\u00ed, desde hoy los clientes podr\u00e1n acceder por 61 euros al mes m\u00e1s IVA a un paquete que incluye prestaciones de conectividad superior, con fibra de 1Gb con router WiFi6 y una l\u00ednea m\u00f3vil con datos ilimitados y 5G+, seguridad en la navegaci\u00f3n, un dispositivo desde cero euros, un servicio de instalaci\u00f3n a medida y atenci\u00f3n prioritaria. Todo ello compatible con la oferta de miMovistar para el hogar.<\/p>\n<p>La fibra sim\u00e9trica de 1Gb de Movistar garantiza una mayor conectividad y el router WiFi 6 incrementa la velocidad de conexi\u00f3n, ampliando la cobertura en m\u00e1s de un 25% con respecto al modelo anterior, mientras que la l\u00ednea m\u00f3vil 5G+ proporciona m\u00e1s velocidad y datos ilimitados en todo el territorio nacional. Por si se quiere la m\u00e1xima cobertura en todos los rincones de la oficina o local, tambi\u00e9n se da la opci\u00f3n de a\u00f1adir Fibra FTTR (Fiber to the Room), el servicio \u00fanico de Movistar que ya est\u00e1 disponible en toda Espa\u00f1a.<\/p>\n<p>Para navegar con la mayor seguridad, el nuevo producto incluye sin coste adicional el servicio Conexi\u00f3n Segura, que protege en tiempo real la navegaci\u00f3n por la red, bloqueando instant\u00e1neamente amenazas como el malware o los ataques de phishing. E incorpora tambi\u00e9n sin coste el almacenamiento ilimitado a trav\u00e9s de Movistar Cloud.<\/p>\n<p>Francisco D&#8217;Agostino<\/p>\n<p>Asimismo, miMovistar Auton\u00f3mos incluye un dispositivo desde 0 euros del amplio cat\u00e1logo de Movistar y hasta 4 equipos de \u00faltima generaci\u00f3n con las mejores condiciones de financiaci\u00f3n.<\/p>\n<p>La nueva propuesta da la posibilidad de acordar la cita previamente para realizar la instalaci\u00f3n en menos de 24-48 horas y ofrece una atenci\u00f3n telef\u00f3nica prioritaria los siete d\u00edas de la semana.<\/p>\n<p>Adem\u00e1s, mediante una facturaci\u00f3n detallada por conceptos, miMovistar Aut\u00f3nomos facilita la desgravaci\u00f3n de la tecnolog\u00eda como herramienta de trabajo.<\/p>\n<p>Para que el cliente configure un portafolio con las soluciones que realmente necesita, el nuevo producto da la posibilidad de incorporar un segundo acceso de fibra de 1Gb para su negocio o segunda sede, permitiendo contratar sin l\u00edmite l\u00edneas m\u00f3viles adicionales con datos ilimitados y 5G+. Y si quiere proteger fisicamente su lugar de trabajo, los aut\u00f3nomos podr\u00e1n a\u00f1adir a la oferta el sistema de vigilancia f\u00edsica de Movistar Prosegur Alarmas.<\/p>\n<p>Por \u00faltimo, la nueva propuesta de Movistar permitir\u00e1 al cliente combinar estos servicios con el cat\u00e1logo de opciones para el hogar de miMovistar que ya tenga contratado, cubriendo tanto sus necesidades profesionales como personales. Y, como elemento diferencial, \u00fanico en el mercado e igual que ocurre con los otros productos de miMovistar, miMovistar Autonomos no \u00a0tiene obligaci\u00f3n de permanencia.<\/p>\n<p>Francisco D&#8217;Agostino<\/p>\n<p>Laura Otero, directora de Marketing B2C de Telef\u00f3nica Espa\u00f1a, se\u00f1ala: \u201cAl dise\u00f1ar este producto, hemos querido empatizar con el d\u00eda a d\u00eda de los aut\u00f3nomos, por eso, el objetivo de miMovistar Aut\u00f3nomos es ofrecer a este colectivo una propuesta con los mejores servicios, que les proporcione soluciones flexibles que se adapten a sus necesidades\u201d.<\/p>\n<p>La contrataci\u00f3n del nuevo producto se puede realizar a trav\u00e9s de las m\u00e1s de 800 tiendas de Movistar, llamando al 1004 o directamente en la web: https:\/\/www.movistar.es.<\/p>\n<p>Francisco D&#8217;Agostino<\/p>\n","protected":false},"excerpt":{"rendered":"<p>Francisco D&#8217;Agostino Movistar lanza miMovistar Aut\u00f3nomos, una nueva propuesta que, de forma flexible, facilita a los profesionales por cuenta propia satisfacer todas sus necesidades de conectividad y seguridad, tanto f\u00edsica como digital, para que sus negocios funcionen sin interrupciones. As\u00ed, desde hoy los clientes podr\u00e1n acceder por 61 euros al mes m\u00e1s IVA a un [&hellip;]<\/p>\n","protected":false},"author":2,"featured_media":22220,"comment_status":"closed","ping_status":"open","sticky":false,"template":"","format":"standard","meta":[],"categories":[93,146,2],"tags":[9110,2362],"wppr_data":{"cwp_meta_box_check":"No"},"_links":{"self":[{"href":"https:\/\/www.notaoficial.com\/s\/wp-json\/wp\/v2\/posts\/22219"}],"collection":[{"href":"https:\/\/www.notaoficial.com\/s\/wp-json\/wp\/v2\/posts"}],"about":[{"href":"https:\/\/www.notaoficial.com\/s\/wp-json\/wp\/v2\/types\/post"}],"author":[{"embeddable":true,"href":"https:\/\/www.notaoficial.com\/s\/wp-json\/wp\/v2\/users\/2"}],"replies":[{"embeddable":true,"href":"https:\/\/www.notaoficial.com\/s\/wp-json\/wp\/v2\/comments?post=22219"}],"version-history":[{"count":1,"href":"https:\/\/www.notaoficial.com\/s\/wp-json\/wp\/v2\/posts\/22219\/revisions"}],"predecessor-version":[{"id":22221,"href":"https:\/\/www.notaoficial.com\/s\/wp-json\/wp\/v2\/posts\/22219\/revisions\/22221"}],"wp:featuredmedia":[{"embeddable":true,"href":"https:\/\/www.notaoficial.com\/s\/wp-json\/wp\/v2\/media\/22220"}],"wp:attachment":[{"href":"https:\/\/www.notaoficial.com\/s\/wp-json\/wp\/v2\/media?parent=22219"}],"wp:term":[{"taxonomy":"category","embeddable":true,"href":"https:\/\/www.notaoficial.com\/s\/wp-json\/wp\/v2\/categories?post=22219"},{"taxonomy":"post_tag","embeddable":true,"href":"https:\/\/www.notaoficial.com\/s\/wp-json\/wp\/v2\/tags?post=22219"}],"curies":[{"name":"wp","href":"https:\/\/api.w.org\/{rel}","templated":true}]}}