{"id":2227,"date":"2018-07-13T09:00:09","date_gmt":"2018-07-13T13:00:09","guid":{"rendered":"http:\/\/www.notaoficial.com\/s\/?p=2227"},"modified":"2018-08-14T23:17:44","modified_gmt":"2018-08-15T03:17:44","slug":"colectiva-de-18-artistas-venezolanos-contemporaneos-estrena-nueva-sede-de-la-galeria-espacio-5-en-caracas","status":"publish","type":"post","link":"https:\/\/www.notaoficial.com\/s\/2018\/07\/13\/colectiva-de-18-artistas-venezolanos-contemporaneos-estrena-nueva-sede-de-la-galeria-espacio-5-en-caracas\/","title":{"rendered":"Colectiva de 18 artistas venezolanos contempor\u00e1neos  estrena nueva sede de la galer\u00eda Espacio 5 en Caracas"},"content":{"rendered":"<p>La galer\u00eda de arte Espacio 5 inaugurar\u00e1 una sede en Caracas, el pr\u00f3ximo s\u00e1bado 14 de julio a las 11 am, con una muestra colectiva que bajo el t\u00edtulo <strong>\u201cMicrorrelatos\u201d<\/strong>, re\u00fane una selecci\u00f3n de obras donde 18 artistas venezolanos expresan las vinculaciones entre la palabra y la imagen, lo trascendente e intrascendente.<\/p>\n<p>Desde la figuraci\u00f3n, la abstracci\u00f3n, la instalaci\u00f3n o el objetualismo, este proyecto expositivo establece una suerte de ejercicio l\u00fadico y dial\u00f3gico sobre el relato, el <em>microrrelato <\/em>y el correlato de la obra, en el que surgen reflexiones e im\u00e1genes donde cada uno de los artistas participantes interpreta y reinterpreta el t\u00e9rmino, seg\u00fan explica la curadora e investigadora de artes visuales, Marianella Guevara Zerlin, en el texto que acompa\u00f1a la muestra.<\/p>\n<p>En tal sentido, la creadora <strong>Mar\u00eda Elena \u00c1lvarez<\/strong> apela a un conjunto de m\u00f3dulos fragmentados, y a la deconstrucci\u00f3n de la unidad en microhistorias que a su vez van ensambladas e integradas, donde los planos de colores se trasvasan a tonos y valores de grises, azules y verdes; <strong>Carlos Anzola<\/strong>, utiliza dos bandejas degradadas por el tiempo para dibujar medios de transporte con una est\u00e9tica <em>vintage<\/em>, afinando sus sentidos para resignificar objetos inservibles y mutarlos en objeto encontrado; y <strong>Rafael Arteaga<\/strong> presenta pinturas inspiradas en las im\u00e1genes de los \u00e1lbumes fotogr\u00e1ficos e imaginer\u00eda que ha sufrido da\u00f1os f\u00edsicos por el paso del tiempo, aproxim\u00e1ndose al trabajo del restaurador.<\/p>\n<p>Asimismo, de acuerdo a la curadora, <strong>Nadia Benatar<\/strong>, construye un universo in\u00e9dito y particular con sus dibujos a\u00e9reos a peque\u00f1a escala, donde las transparencias y lo inmaterial confluyen partiendo del punto y de la l\u00ednea; <strong>Isabel Cisneros<\/strong> experimenta e investiga soluciones formales, a partir de la iconograf\u00eda de libros, de los que m\u00e1s all\u00e1 de sustraer la pulpa de papel recurre a sus im\u00e1genes; <strong>Dixon Calvetti<\/strong> centra su investigaci\u00f3n en el chim\u00f3 como elemento mat\u00e9rico pict\u00f3rico, con evidentes connotaciones simb\u00f3lico-religiosas; e <strong>Isabel Cembora\u00edn<\/strong>, interpreta el paisaje urbano usando como herramientas los dispositivos digitales.<\/p>\n<p>Por su parte, <strong>Teresa Gabald\u00f3n<\/strong> inspira su obra en el jard\u00edn y las flores, en un microrrelato integrado por dos tablas con manchas y pinceladas de azules, tonos familiares y complementarios a una forma; <strong>V\u00edctor Julio Gonz\u00e1lez<\/strong> alimenta su trabajo de ensue\u00f1os y de sus estados de vigilia, y lleva un diario de anotaciones en el que resume el sue\u00f1o en met\u00e1fora, revelaciones mutadas en s\u00edmbolos, arquetipos, fabulaciones, personajes fant\u00e1sticos, animales, paisajes y personajes; <strong>Jes\u00fas Guerrero<\/strong> confirma la abstracci\u00f3n geom\u00e9trica como forma discursiva y su absoluta convicci\u00f3n por la pintura; y <strong>Jos\u00e9 Gregorio Grater\u00f3n<\/strong>, permeado por la Nueva Figuraci\u00f3n de la d\u00e9cada de los 60 y 70 del siglo pasado, y asociado al cuestionamiento y a lo urbano, recompone esa herencia con efectos \u00fanicos, contempor\u00e1neos,\u00a0 ligado a la ciudad.<\/p>\n<p><strong>Javier Le\u00f3n<\/strong> aborda una obra con claros indicios conceptuales que involucran la ciudad, su urbanismo y su cuadr\u00edcula; <strong>Consuelo M\u00e9ndez<\/strong> trabaja desde la palabra retomada y su valor pl\u00e1stico, bordando sobre pa\u00f1uelos vida e historia, en un <em>microrrelato que <\/em>se refiere al llanto de los sobrevivientes; <strong>Luis Mill\u00e9<\/strong> desentra\u00f1a el origen del volumen a partir de sus pr\u00e1cticas art\u00edsticas de tensi\u00f3n y distensi\u00f3n, flexi\u00f3n\u00a0 y contracci\u00f3n, como situaci\u00f3n cambiante y m\u00faltiple; y <strong>JJ.Moros<\/strong>, refrenda figuras geom\u00e9tricas complementarias, de un alfabeto creado que se reinventa en una caligraf\u00eda permanente, desde su propia reflexi\u00f3n discursiva.<\/p>\n<p>Para completar la muestra, <strong>Leonardo Nieves<\/strong> recrea instancias de la memoria a partir de frases y palabras que aluden a lo er\u00f3tico; <strong>Lihie Talmor<\/strong> expone grabados que se inspiran en una imagen cuya historia transcurre desde la ventana de un autom\u00f3vil; mientras que <strong>Pedro Tineo<\/strong> presenta dos piezas inspiradas en canes y su especial universo territorial, que tambi\u00e9n logran una aproximaci\u00f3n certera, por efecto reflejo, a la naturaleza humana.<\/p>\n<p>El p\u00fablico podr\u00e1 apreciar la exposici\u00f3n \u201cMicrorrelatos\u201d del 14 de julio al 29 de septiembre de 2018, en la nueva sede de la galer\u00eda Espacio 5 en Caracas, ubicada en la calle Santa Teresa de Jes\u00fas, en La Castellana. El horario es de lunes a s\u00e1bados de 10 am a 1 pm y de 2.30 a 6 pm. La entrada es libre.<\/p>\n","protected":false},"excerpt":{"rendered":"<p>La galer\u00eda de arte Espacio 5 inaugurar\u00e1 una sede en Caracas, el pr\u00f3ximo s\u00e1bado 14 de julio a las 11 am, con una muestra colectiva que bajo el t\u00edtulo \u201cMicrorrelatos\u201d, re\u00fane una selecci\u00f3n de obras donde 18 artistas venezolanos expresan las vinculaciones entre la palabra y la imagen, lo trascendente e intrascendente. Desde la figuraci\u00f3n, [&hellip;]<\/p>\n","protected":false},"author":2,"featured_media":2228,"comment_status":"closed","ping_status":"open","sticky":false,"template":"","format":"standard","meta":[],"categories":[463,2],"tags":[645,49,648,659,652,653,651,658,656,661,657,662,663,660,647,646,644,650,664,1792,1793,649,654,655],"wppr_data":[],"_links":{"self":[{"href":"https:\/\/www.notaoficial.com\/s\/wp-json\/wp\/v2\/posts\/2227"}],"collection":[{"href":"https:\/\/www.notaoficial.com\/s\/wp-json\/wp\/v2\/posts"}],"about":[{"href":"https:\/\/www.notaoficial.com\/s\/wp-json\/wp\/v2\/types\/post"}],"author":[{"embeddable":true,"href":"https:\/\/www.notaoficial.com\/s\/wp-json\/wp\/v2\/users\/2"}],"replies":[{"embeddable":true,"href":"https:\/\/www.notaoficial.com\/s\/wp-json\/wp\/v2\/comments?post=2227"}],"version-history":[{"count":1,"href":"https:\/\/www.notaoficial.com\/s\/wp-json\/wp\/v2\/posts\/2227\/revisions"}],"predecessor-version":[{"id":2229,"href":"https:\/\/www.notaoficial.com\/s\/wp-json\/wp\/v2\/posts\/2227\/revisions\/2229"}],"wp:featuredmedia":[{"embeddable":true,"href":"https:\/\/www.notaoficial.com\/s\/wp-json\/wp\/v2\/media\/2228"}],"wp:attachment":[{"href":"https:\/\/www.notaoficial.com\/s\/wp-json\/wp\/v2\/media?parent=2227"}],"wp:term":[{"taxonomy":"category","embeddable":true,"href":"https:\/\/www.notaoficial.com\/s\/wp-json\/wp\/v2\/categories?post=2227"},{"taxonomy":"post_tag","embeddable":true,"href":"https:\/\/www.notaoficial.com\/s\/wp-json\/wp\/v2\/tags?post=2227"}],"curies":[{"name":"wp","href":"https:\/\/api.w.org\/{rel}","templated":true}]}}