{"id":22292,"date":"2024-05-09T23:59:33","date_gmt":"2024-05-10T03:59:33","guid":{"rendered":"https:\/\/www.notaoficial.com\/s\/?p=22292"},"modified":"2024-05-09T23:59:33","modified_gmt":"2024-05-10T03:59:33","slug":"california-love-el-nuevo-album-debut","status":"publish","type":"post","link":"https:\/\/www.notaoficial.com\/s\/2024\/05\/09\/california-love-el-nuevo-album-debut\/","title":{"rendered":"\u201cCalifornia Love\u201d el nuevo \u00e1lbum debut"},"content":{"rendered":"<p dir=\"ltr\"><span style=\"font-family: arial, sans-serif; font-size: large;\">El Bachatero mexicano<a href=\"https:\/\/www.instagram.com\/jsalez\/\" target=\"_blank\" rel=\"noopener\" data-saferedirecturl=\"https:\/\/www.google.com\/url?q=https:\/\/www.instagram.com\/jsalez\/&amp;source=gmail&amp;ust=1715398839913000&amp;usg=AOvVaw305onnSLv8EqYZRgLkS8Ja\">\u00a0J Salez<\/a>, presenta su \u00e1lbum debut,\u00a0<a href=\"https:\/\/open.spotify.com\/intl-es\/album\/2WNAC9PNJu9i6cIS3BJPlh\" target=\"_blank\" rel=\"noopener\" data-saferedirecturl=\"https:\/\/www.google.com\/url?q=https:\/\/open.spotify.com\/intl-es\/album\/2WNAC9PNJu9i6cIS3BJPlh&amp;source=gmail&amp;ust=1715398839913000&amp;usg=AOvVaw3l3uDzc15Q0o4RUFRSisPS\">\u201cCalifornia Love\u201d<\/a>. Este viaje musical \u00fanico combina los ritmos conmovedores de la bachata tradicional con los vibrantes ritmos del pop moderno, el R&amp;B y el hip-hop. Es una fusi\u00f3n musical que seguro cautivar\u00e1 a todos los californianos amantes de la m\u00fasica bachata y a los bailarines sociales de todo el mundo, gracias al apoyo de su casa discogr\u00e1fica<a href=\"https:\/\/www.instagram.com\/eqsmusica\/\" target=\"_blank\" rel=\"noopener\" data-saferedirecturl=\"https:\/\/www.google.com\/url?q=https:\/\/www.instagram.com\/eqsmusica\/&amp;source=gmail&amp;ust=1715398839913000&amp;usg=AOvVaw2Po52E6-6RiG0pW5s2HQu1\"><b> EQS M\u00fasica<\/b><\/a>, el \u00e1lbum debut de\u00a0<a href=\"https:\/\/www.instagram.com\/jsalez\/\" target=\"_blank\" rel=\"noopener\" data-saferedirecturl=\"https:\/\/www.google.com\/url?q=https:\/\/www.instagram.com\/jsalez\/&amp;source=gmail&amp;ust=1715398839913000&amp;usg=AOvVaw305onnSLv8EqYZRgLkS8Ja\">J Salez<\/a>\u00a0ya se encuentra sometido a postulaci\u00f3n en los\u00a0Latin Grammy.<\/span><\/p>\n<p dir=\"ltr\"><span style=\"font-family: arial, sans-serif; font-size: large;\">El \u00e1lbum de 8 canciones es un testimonio del poder de la colaboraci\u00f3n, con una gran variedad de artistas. En particular,\u00a0<a href=\"https:\/\/www.instagram.com\/derekvinci\/\" target=\"_blank\" rel=\"noopener\" data-saferedirecturl=\"https:\/\/www.google.com\/url?q=https:\/\/www.instagram.com\/derekvinci\/&amp;source=gmail&amp;ust=1715398839913000&amp;usg=AOvVaw1vgxzMDSAeuIV2rzFqCJyN\">DerekVinci<\/a>\u00a0<wbr \/>desempe\u00f1\u00f3 un papel clave como productor y manager principal de\u00a0J Salez. El \u00e1lbum tambi\u00e9n incluye una talentosa formaci\u00f3n de m\u00fasicos de la Rep\u00fablica Dominicana, Espa\u00f1a y Nueva York, como Javier Franco, requintista que act\u00faa con la banda de Prince Royce. Este \u00e1lbum es una celebraci\u00f3n de la comunidad mundial de la bachata.<\/span><span style=\"font-family: arial, sans-serif; font-size: large;\"><br \/>\n<\/span><\/p>\n<p dir=\"ltr\"><span style=\"font-family: arial, sans-serif; font-size: large;\">El Bachatero Mexicano, cuyo verdadero nombre es\u00a0Juan Ricardo Ch\u00e1vez, est\u00e1 encantado de compartir su m\u00fasica con el mundo. Para \u00e9l, este \u00e1lbum representa un hito importante en su carrera. Es un testimonio de que todo es posible con fe, trabajo duro y dedicaci\u00f3n. Comenz\u00f3 su andadura como bailar\u00edn social, bailando Bachata apasionadamente cada noche, y ahora se ha transformado en cantante, cautivando los corazones de la gente con su voz conmovedora. Es un sue\u00f1o hecho realidad para \u00e9l, y espera que la gente disfrute escuchando el \u00e1lbum tanto como \u00e9l disfrut\u00f3 cre\u00e1ndolo. Ha puesto su coraz\u00f3n y su alma en este proyecto y est\u00e1 emocionado por compartirlo con el mundo\u00bb.<\/span><\/p>\n<p dir=\"ltr\"><span style=\"font-family: arial, sans-serif; font-size: large;\">El single principal del \u00e1lbum,\u00a0\u00abTu Y Yo\u00bb, una bachata sexy, pegadiza y alegre que muestra el estilo y el carisma de\u00a0J Salez, ya ha conseguido cientos de miles de reproducciones y se est\u00e1 convirtiendo r\u00e1pidamente en una de las favoritas de los fans. Este temprano \u00e9xito es un testimonio de la calidad del \u00e1lbum y de la creciente popularidad de\u00a0J Salez.<\/span><\/p>\n","protected":false},"excerpt":{"rendered":"<p>El Bachatero mexicano\u00a0J Salez, presenta su \u00e1lbum debut,\u00a0\u201cCalifornia Love\u201d. Este viaje musical \u00fanico combina los ritmos conmovedores de la bachata tradicional con los vibrantes ritmos del pop moderno, el R&amp;B y el hip-hop. Es una fusi\u00f3n musical que seguro cautivar\u00e1 a todos los californianos amantes de la m\u00fasica bachata y a los bailarines sociales de [&hellip;]<\/p>\n","protected":false},"author":2,"featured_media":22293,"comment_status":"closed","ping_status":"open","sticky":false,"template":"","format":"standard","meta":[],"categories":[93,146,2],"tags":[1371,381],"wppr_data":{"cwp_meta_box_check":"No"},"_links":{"self":[{"href":"https:\/\/www.notaoficial.com\/s\/wp-json\/wp\/v2\/posts\/22292"}],"collection":[{"href":"https:\/\/www.notaoficial.com\/s\/wp-json\/wp\/v2\/posts"}],"about":[{"href":"https:\/\/www.notaoficial.com\/s\/wp-json\/wp\/v2\/types\/post"}],"author":[{"embeddable":true,"href":"https:\/\/www.notaoficial.com\/s\/wp-json\/wp\/v2\/users\/2"}],"replies":[{"embeddable":true,"href":"https:\/\/www.notaoficial.com\/s\/wp-json\/wp\/v2\/comments?post=22292"}],"version-history":[{"count":1,"href":"https:\/\/www.notaoficial.com\/s\/wp-json\/wp\/v2\/posts\/22292\/revisions"}],"predecessor-version":[{"id":22294,"href":"https:\/\/www.notaoficial.com\/s\/wp-json\/wp\/v2\/posts\/22292\/revisions\/22294"}],"wp:featuredmedia":[{"embeddable":true,"href":"https:\/\/www.notaoficial.com\/s\/wp-json\/wp\/v2\/media\/22293"}],"wp:attachment":[{"href":"https:\/\/www.notaoficial.com\/s\/wp-json\/wp\/v2\/media?parent=22292"}],"wp:term":[{"taxonomy":"category","embeddable":true,"href":"https:\/\/www.notaoficial.com\/s\/wp-json\/wp\/v2\/categories?post=22292"},{"taxonomy":"post_tag","embeddable":true,"href":"https:\/\/www.notaoficial.com\/s\/wp-json\/wp\/v2\/tags?post=22292"}],"curies":[{"name":"wp","href":"https:\/\/api.w.org\/{rel}","templated":true}]}}