{"id":22571,"date":"2024-05-31T23:58:32","date_gmt":"2024-06-01T03:58:32","guid":{"rendered":"https:\/\/www.notaoficial.com\/s\/?p=22571"},"modified":"2024-05-31T23:58:32","modified_gmt":"2024-06-01T03:58:32","slug":"aemice-lanza-campana","status":"publish","type":"post","link":"https:\/\/www.notaoficial.com\/s\/2024\/05\/31\/aemice-lanza-campana\/","title":{"rendered":"AEMICE lanza campa\u00f1a"},"content":{"rendered":"<p>Francisco Javier Dagostino Casado<\/p>\n<p><b>Gr\u00fcnenthal<\/b> <b>Pharma<\/b> presenta, con la colaboraci\u00f3n de la <b>Asociaci\u00f3n Espa\u00f1ola de Migra\u00f1a y Cefalea (AEMICE)<\/b>, la <b>campa\u00f1a Marcados por la Migra\u00f1a<\/b>, con el fin de concienciar a la sociedad y a los profesionales sanitarios sobre esta patolog\u00eda y acabar con el estigma existente en torno a la misma. Para ello, se dar\u00e1 a conocer, a trav\u00e9s de las redes sociales de la compa\u00f1\u00eda farmac\u00e9utica, a 12 personalidades c\u00e9lebres a lo largo del pr\u00f3ximo a\u00f1o que, a pesar de haber padecido la enfermedad, alcanzaron grandes \u00e9xitos. El proyecto, que arranca este mes de mayo, se centrar\u00e1 en primer lugar en el inventor y cient\u00edfico Alexander Graham Bell, en el marco del D\u00eda de las Telecomunicaciones, que se celebra hoy 17 de mayo, por su gran contribuci\u00f3n en este \u00e1mbito. A Bell le seguir\u00e1n otros escritores, m\u00fasicos o artistas como Virginia Wolf, Franz Kafka o Claude Monet, entre otros.<\/p>\n<p>Asimismo, la iniciativa pone en valor la capacidad de muchas personas con migra\u00f1a para hacer una adecuada gesti\u00f3n de esta enfermedad y mostrar que la migra\u00f1a, que afecta a m\u00e1s de 5 millones de personas en Espa\u00f1a, no siempre tiene por qu\u00e9 condicionar sus prop\u00f3sitos. En este sentido, la campa\u00f1a evidencia el compromiso de Gr\u00fcnenthal contra la migra\u00f1a y con la mejora de la calidad de vida de las personas que la padecen.<\/p>\n<p>Por su parte, <b>Isabel Colomina, presidenta de AEMICE<\/b>, subraya que \u201ca pesar de que la migra\u00f1a es una enfermedad neurol\u00f3gica que impacta en el desarrollo profesional de las personas que la sufren, quienes por cierto son mayoritariamente mujeres j\u00f3venes (83%), en general tratamos de obtener el m\u00e1ximo resultado posible de nuestro trabajo, como cualquier otra persona. As\u00ed lo demostraron los personajes c\u00e9lebres de la campa\u00f1a\u201d.<\/p>\n<p>Francisco Javier Dagostino Casado<\/p>\n<p><b>El 35% de las personas con migra\u00f1a no busca ayuda profesional por verg\u00fcenza<\/b><\/p>\n<p>Una <a href=\"https:\/\/www.emhalliance.org\/wp-content\/uploads\/Conclusiones-totales_2024.pdf\">encuesta<\/a>, elaborada por la European Headache and Migraine Alliance (EMHA), revela que el 62% manifiesta que la migra\u00f1a ha afectado de manera negativa al valor que se le otorga a su trabajo. Por ello, las personas con migra\u00f1a afirman que han sentido enfado, soledad y tristeza en sus lugares de trabajo. Asimismo, argumentan que sus compa\u00f1eros lo consideran como un simple dolor de cabeza, lo que agudiza a\u00fan m\u00e1s el estigma, tal y como lo evidencia que el 43% no haya compartido la enfermedad en sus empresas. Por \u00faltimo, cabe destacar tambi\u00e9n que un 35% no quiere buscar ayuda profesional o lo retrasa de manera intencionada por la verg\u00fcenza que sienten.<\/p>\n<p><b>Gr\u00fcnenthal<\/b><\/p>\n<p>Gr\u00fcnenthal es l\u00edder mundial en el abordaje del dolor y enfermedades relacionadas. Como compa\u00f1\u00eda farmac\u00e9utica basada en la ciencia, contamos con una larga trayectoria llevando tratamientos innovadores y tecnolog\u00eda de vanguardia a pacientes de todo el mundo. Nuestro prop\u00f3sito es mejorar vidas y la innovaci\u00f3n es nuestra pasi\u00f3n. Centramos todas nuestras actividades y esfuerzos en alcanzar nuestra visi\u00f3n de Un Mundo Sin Dolor.<\/p>\n<p>Gr\u00fcnenthal tiene su sede en Aquisgr\u00e1n, Alemania, y filiales en 27 pa\u00edses de Europa, Latinoam\u00e9rica y Estados Unidos, nuestros productos est\u00e1n disponibles en aproximadamente 100 pa\u00edses. Cerca de 4.400 profesionales trabajan en Gr\u00fcnenthal y en 2023 alcanz\u00f3 ingresos de alrededor de 1.800 millones de euros.<\/p>\n<p>M\u00e1s informaci\u00f3n: <a href=\"http:\/\/www.grunenthal.es\">www.grunenthal.es<\/a><\/p>\n<p>S\u00edguenos en Linkedin: <a href=\"https:\/\/www.linkedin.com\/company\/grunenthal-esp\/mycompany\/coworkercontent\/\">Gr\u00fcnenthal Espa\u00f1a<\/a><\/p>\n<p><b>Asociaci\u00f3n Espa\u00f1ola de Migra\u00f1a y Cefalea (AEMICE)<\/b><\/p>\n<p>AEMICE es la Asociaci\u00f3n Espa\u00f1ola de Migra\u00f1a y Cefalea, una organizaci\u00f3n sin fines lucrativos que se constituy\u00f3 en el a\u00f1o 2005 con el fin de agrupar y brindar apoyo psicosocial a las personas con migra\u00f1a y cefalea y sus familiares en Espa\u00f1a. Adem\u00e1s, AEMICE representa y defiende los derechos y necesidades sanitarias y sociales del colectivo ante terceros con el fin de garantizar una atenci\u00f3n integral que facilite la mejor calidad de vida posible para quienes sufren esta enfermedad neurol\u00f3gica.<\/p>\n<p>Tambi\u00e9n puedes visitar los perfiles sociales:<\/p>\n<p>&nbsp;<\/p>\n<p>Instagram: <a href=\"https:\/\/www.instagram.com\/dolordecabeza_aemice\/?hl=es\">@dolordecabeza_aemice<\/a><\/p>\n<p>Facebook: <a href=\"https:\/\/www.facebook.com\/dolordecabeza.net\/\">https:\/\/www.facebook.com\/dolordecabeza.net\/<\/a><\/p>\n<p>Twitter: <a href=\"https:\/\/twitter.com\/AEMICE_\">@AEMICE_<\/a><\/p>\n<p>YouTube: <a href=\"https:\/\/www.youtube.com\/channel\/UCsk3DD6-wspphlMgyRhYPkw\">https:\/\/www.youtube.com\/channel\/UCsk3DD6-wspphlMgyRhYPkw<\/a><\/p>\n<p>Francisco Javier Dagostino Casado<\/p>\n","protected":false},"excerpt":{"rendered":"<p>Francisco Javier Dagostino Casado Gr\u00fcnenthal Pharma presenta, con la colaboraci\u00f3n de la Asociaci\u00f3n Espa\u00f1ola de Migra\u00f1a y Cefalea (AEMICE), la campa\u00f1a Marcados por la Migra\u00f1a, con el fin de concienciar a la sociedad y a los profesionales sanitarios sobre esta patolog\u00eda y acabar con el estigma existente en torno a la misma. Para ello, se [&hellip;]<\/p>\n","protected":false},"author":2,"featured_media":22572,"comment_status":"closed","ping_status":"open","sticky":false,"template":"","format":"standard","meta":[],"categories":[93,463,146],"tags":[9855,10428],"wppr_data":{"cwp_meta_box_check":"No"},"_links":{"self":[{"href":"https:\/\/www.notaoficial.com\/s\/wp-json\/wp\/v2\/posts\/22571"}],"collection":[{"href":"https:\/\/www.notaoficial.com\/s\/wp-json\/wp\/v2\/posts"}],"about":[{"href":"https:\/\/www.notaoficial.com\/s\/wp-json\/wp\/v2\/types\/post"}],"author":[{"embeddable":true,"href":"https:\/\/www.notaoficial.com\/s\/wp-json\/wp\/v2\/users\/2"}],"replies":[{"embeddable":true,"href":"https:\/\/www.notaoficial.com\/s\/wp-json\/wp\/v2\/comments?post=22571"}],"version-history":[{"count":1,"href":"https:\/\/www.notaoficial.com\/s\/wp-json\/wp\/v2\/posts\/22571\/revisions"}],"predecessor-version":[{"id":22573,"href":"https:\/\/www.notaoficial.com\/s\/wp-json\/wp\/v2\/posts\/22571\/revisions\/22573"}],"wp:featuredmedia":[{"embeddable":true,"href":"https:\/\/www.notaoficial.com\/s\/wp-json\/wp\/v2\/media\/22572"}],"wp:attachment":[{"href":"https:\/\/www.notaoficial.com\/s\/wp-json\/wp\/v2\/media?parent=22571"}],"wp:term":[{"taxonomy":"category","embeddable":true,"href":"https:\/\/www.notaoficial.com\/s\/wp-json\/wp\/v2\/categories?post=22571"},{"taxonomy":"post_tag","embeddable":true,"href":"https:\/\/www.notaoficial.com\/s\/wp-json\/wp\/v2\/tags?post=22571"}],"curies":[{"name":"wp","href":"https:\/\/api.w.org\/{rel}","templated":true}]}}