{"id":22646,"date":"2024-06-02T00:05:19","date_gmt":"2024-06-02T04:05:19","guid":{"rendered":"https:\/\/www.notaoficial.com\/s\/?p=22646"},"modified":"2024-06-03T23:43:33","modified_gmt":"2024-06-04T03:43:33","slug":"tratamientos-de-alopecia-personalizados","status":"publish","type":"post","link":"https:\/\/www.notaoficial.com\/s\/2024\/06\/02\/tratamientos-de-alopecia-personalizados\/","title":{"rendered":"Tratamientos de alopecia personalizados"},"content":{"rendered":"<p>Durante el 51\u00ba Congreso de la Academia Espa\u00f1ola de Dermatolog\u00eda y Venereolog\u00eda (AEDV) se han presentado algunas de las \u00faltimas novedades en dermatolog\u00eda est\u00e9tica. Los tratamientos personalizados frente a la alopecia, los materiales de relleno y los estimuladores de col\u00e1geno han sido algunos de los temas principales que se han abordado entre los expertos.<\/p>\n<p>\u201cEspa\u00f1a est\u00e1 liderando muchos estudios acerca del tratamiento m\u00e9dico de diferentes formas de alopecia. Prueba de ello es que el Congreso Mundial de Investigaci\u00f3n Capilar est\u00e1 calendarizado para que se vaya a celebrar en 2028 en Espa\u00f1a, en concreto, en Madrid\u201d. As\u00ed lo ha asegurado el <b>Dr. Sergio Va\u00f1\u00f3<\/b>, secretario general de la AEDV, quien adem\u00e1s ha apuntado que cada vez menos pacientes salen de Espa\u00f1a para recibir este tipo de tratamientos.<\/p>\n<p>Entre las novedades en el tratamiento de la alopecia masculina y femenina que se han presentado en el Congreso Nacional de la AEDV destaca el uso de minoxidil v\u00eda oral en situaciones especiales, datos sobre su efectividad y seguridad (dosis de 0,5-1 mg al d\u00eda en mujeres y de 2,5 &#8211; 5 mg al d\u00eda en hombres), as\u00ed como la mesoterapia con dutasterida, toxina botul\u00ednica y antiandr\u00f3genos t\u00f3picos.<\/p>\n<p>En cuanto a las innovaciones en el campo de los materiales de relleno y estimuladores de col\u00e1geno, la <b>Dra. Elia Ro\u00f3<\/b>, dermat\u00f3loga de la Cl\u00ednica\u00a0Clider\u00a0Madrid, ha destacado que el objetivo de los materiales de relleno estimuladores de col\u00e1geno es activar a los fibroblastos en la producci\u00f3n de col\u00e1geno, elastina y glucosaminoglicanos como el \u00e1cido hialur\u00f3nico. \u201cEsta activaci\u00f3n se realiza a trav\u00e9s de un proceso de inflamaci\u00f3n y reparaci\u00f3n del tejido que origina una remodelaci\u00f3n del tejido conectivo y la formaci\u00f3n de col\u00e1geno. En los \u00faltimos a\u00f1os, la combinaci\u00f3n del \u00e1cido hialur\u00f3nico como hidratante y voluminizador y la hidroxiapatita c\u00e1lcica como estimulador de col\u00e1geno ha dado lugar a la creaci\u00f3n de materiales de relleno h\u00edbridos que permiten conseguir un efecto de volumen inmediato y un efecto de estimulaci\u00f3n del col\u00e1geno a largo plazo\u201d, ha se\u00f1alado.<\/p>\n<p>Las tendencias de futuro de estos tratamientos pasan por un mejor conocimiento de su mecanismo de acci\u00f3n, la t\u00e9cnica de inyecci\u00f3n y las nuevas tendencias de diluci\u00f3n y preparaci\u00f3n de los productos seg\u00fan las necesidades individuales. \u201cTodo ello ha logrado una mejor\u00eda en los resultados no solo a nivel del rostro, sino tambi\u00e9n en \u00e1reas corporales como cuello, escote, brazos, gl\u00fateos y rodillas, as\u00ed como en la correcci\u00f3n de cicatrices de acn\u00e9 y estr\u00edas\u201d, ha apuntado la Dra. Ro\u00f3.<\/p>\n<p>De todas estas innovaciones pueden beneficiarse todas aquellas personas que presenten un grado leve o moderado de envejecimiento cut\u00e1neo. \u201cLos estimuladores de col\u00e1geno buscan una mejora en la calidad de la piel y un cierto efecto de tensi\u00f3n de la misma. Si adem\u00e1s se asocia p\u00e9rdida de volumen y un mayor grado de flacidez, los rellenos h\u00edbridos logran un mejor resultado\u201d, ha concluido la doctora.<\/p>\n<p><b>\u201cEstar sano y verse bien\u201d<\/b><\/p>\n<p>La Dermatolog\u00eda es una especialidad querida y requerida por la poblaci\u00f3n por muchos motivos, siendo uno de los principales, que se ha sabido adaptar a la evoluci\u00f3n de una sociedad cada vez m\u00e1s empoderada que entiende el concepto de bienestar como \u201cestar sano y verse bien\u201d.<\/p>\n<p>Es importante destacar que la dermatolog\u00eda est\u00e9tica no consiste s\u00f3lo en procedimientos dirigidos al embellecimiento de la piel. \u201cLa dermatolog\u00eda cl\u00ednica se basa en el diagn\u00f3stico y tratamiento de las enfermedades y la dermatolog\u00eda est\u00e9tica en la promoci\u00f3n y cuidado de la salud de la piel. \u00c9sta \u00faltima se centra en la fisiolog\u00eda, en alcanzar la correcta funci\u00f3n celular y funcionamiento de la piel como \u00f3rgano. El objetivo de la Dermatolog\u00eda est\u00e9tica es mejorar la funci\u00f3n celular de la piel, que se encuentre sana y alejada de la enfermedad y que est\u00e9 luminosa, hidratada, homog\u00e9neamente pigmentada, no inflamada, no grasa y densa\u201d. As\u00ed lo han asegurado los doctores <b>Agust\u00edn Viera<\/b>, dermat\u00f3logo coordinador de CanariasDerma, Las Palmas de Gran Canaria y <b>Leandro Mart\u00ednez<\/b>, jefe de Servicio de Dermatolog\u00eda del Hospital Regional Universitario de M\u00e1laga y Cl\u00ednica Dermatol\u00f3gica DermaCenter.<\/p>\n<p>La dermatolog\u00eda est\u00e9tica es un \u00e1rea que goza de una excelente salud. De acuerdo con los Dres. Viera y Mart\u00ednez, \u201cactualmente hay un reconocimiento pr\u00e1cticamente un\u00e1nime que nuestra especialidad es m\u00e9dica, quir\u00fargica y est\u00e9tica, que somos los m\u00e9dicos especialistas de la piel, pelo y anejos cut\u00e1neos, tanto sana como enferma, en todos los momentos y situaciones de la vida\u201d. Como ejemplo de ello destaca la solicitud por parte de la AEDV a la Administraci\u00f3n Sanitaria para que se defina la Unidad Asistencial U.8 Dermatolog\u00eda como unidad asistencial en la que un m\u00e9dico especialista en Dermatolog\u00eda m\u00e9dico-quir\u00fargica y Venereolog\u00eda sea responsable de realizar el estudio, diagn\u00f3stico y tratamiento de pacientes afectados de patolog\u00eda relacionada con la piel (incluye tejido celular subcut\u00e1neo), mucosa, pelo y resto de anejos cut\u00e1neos, de su mejora est\u00e9tica y de la promoci\u00f3n de su salud.<\/p>\n<p>La tecnolog\u00eda tambi\u00e9n juega un papel fundamental en el desarrollo e innovaci\u00f3n de la especialidad, lo que ha permitido avanzar de manera exponencial en la \u00faltima d\u00e9cada, tanto en el diagn\u00f3stico (con la mejor\u00eda de los sistemas de dermatoscopia digitalizada, el desarrollo de la ecograf\u00eda cut\u00e1nea, los sistemas de an\u00e1lisis cut\u00e1neos en 2D y 3D) como en el tratamiento de la piel, donde las fuentes de luz, y principalmente el l\u00e1ser, as\u00ed como otros dispositivos emisores de energ\u00eda como la radiofrecuencia fraccionada o los ultrasonidos permiten tratar la piel y abordar la salud de la misma de la forma m\u00e1s eficaz, obteniendo los mejores resultados.<\/p>\n","protected":false},"excerpt":{"rendered":"<p>Durante el 51\u00ba Congreso de la Academia Espa\u00f1ola de Dermatolog\u00eda y Venereolog\u00eda (AEDV) se han presentado algunas de las \u00faltimas novedades en dermatolog\u00eda est\u00e9tica. Los tratamientos personalizados frente a la alopecia, los materiales de relleno y los estimuladores de col\u00e1geno han sido algunos de los temas principales que se han abordado entre los expertos. \u201cEspa\u00f1a [&hellip;]<\/p>\n","protected":false},"author":2,"featured_media":22647,"comment_status":"closed","ping_status":"open","sticky":false,"template":"","format":"standard","meta":[],"categories":[93,463,146],"tags":[10486,847],"wppr_data":{"cwp_meta_box_check":"No"},"_links":{"self":[{"href":"https:\/\/www.notaoficial.com\/s\/wp-json\/wp\/v2\/posts\/22646"}],"collection":[{"href":"https:\/\/www.notaoficial.com\/s\/wp-json\/wp\/v2\/posts"}],"about":[{"href":"https:\/\/www.notaoficial.com\/s\/wp-json\/wp\/v2\/types\/post"}],"author":[{"embeddable":true,"href":"https:\/\/www.notaoficial.com\/s\/wp-json\/wp\/v2\/users\/2"}],"replies":[{"embeddable":true,"href":"https:\/\/www.notaoficial.com\/s\/wp-json\/wp\/v2\/comments?post=22646"}],"version-history":[{"count":1,"href":"https:\/\/www.notaoficial.com\/s\/wp-json\/wp\/v2\/posts\/22646\/revisions"}],"predecessor-version":[{"id":22648,"href":"https:\/\/www.notaoficial.com\/s\/wp-json\/wp\/v2\/posts\/22646\/revisions\/22648"}],"wp:featuredmedia":[{"embeddable":true,"href":"https:\/\/www.notaoficial.com\/s\/wp-json\/wp\/v2\/media\/22647"}],"wp:attachment":[{"href":"https:\/\/www.notaoficial.com\/s\/wp-json\/wp\/v2\/media?parent=22646"}],"wp:term":[{"taxonomy":"category","embeddable":true,"href":"https:\/\/www.notaoficial.com\/s\/wp-json\/wp\/v2\/categories?post=22646"},{"taxonomy":"post_tag","embeddable":true,"href":"https:\/\/www.notaoficial.com\/s\/wp-json\/wp\/v2\/tags?post=22646"}],"curies":[{"name":"wp","href":"https:\/\/api.w.org\/{rel}","templated":true}]}}