{"id":2281,"date":"2018-07-18T17:23:42","date_gmt":"2018-07-18T21:23:42","guid":{"rendered":"http:\/\/www.notaoficial.com\/s\/?p=2281"},"modified":"2018-07-18T15:30:07","modified_gmt":"2018-07-18T19:30:07","slug":"ricardo-sanabria-maal-muestra-venezuela-a-6-mil-pies-de-altura","status":"publish","type":"post","link":"https:\/\/www.notaoficial.com\/s\/2018\/07\/18\/ricardo-sanabria-maal-muestra-venezuela-a-6-mil-pies-de-altura\/","title":{"rendered":"Ricardo Sanabria-Maal muestra \u201cVenezuela a 6 mil pies de altura\u201d"},"content":{"rendered":"<p dir=\"ltr\">El fot\u00f3grafo y aficionado a la aviaci\u00f3n Ricardo Sanabria-Maal, presenta \u201cVenezuela a 6 mil pies de altura\u201d, su primera exposici\u00f3n individual, desde este s\u00e1bado 14 hasta el domingo 27 de julio, a partir de las 11 am, en la galer\u00eda D\u2019Museo, ubicada en el Centro de Arte Los Galpones.<\/p>\n<p dir=\"ltr\">La muestra se presenta en el marco de los 50 a\u00f1os de la Asociaci\u00f3n de Damas Salesianas y el aniversario 22 de la Fundaci\u00f3n Proyecto Maniapure, en respaldo a la significativa labor social que vienen realizando ambas instituciones.<\/p>\n<p dir=\"ltr\">Y es que la exposici\u00f3n retrata la sensible y acuciosa mirada de Sanabria, quien desde hace 20 a\u00f1os se ha dedicado a documentar por aire y tierra las diferentes regiones del pa\u00eds, haciendo \u00e9nfasis en destacar el paisaje como reconocimiento fotogr\u00e1fico de las bellezas naturales: costas, monta\u00f1as, cauces, llanuras, selvas, playas y todo aquello que nos aproxima al di\u00e1logo entre los natural y lo humano.<\/p>\n<p dir=\"ltr\">\u201cPara m\u00ed es un honor ser parte del equipo que recauda fondos en pro de la Fundaci\u00f3n Proyecto Maniapure, una causa que requiere del apoyo de cada uno de nosotros, para mejorar la calidad de vida de los habitantes de las comunidades remotas del pa\u00eds. Por eso pondr\u00e9 a la venta las fotograf\u00edas que estar\u00e9 exhibiendo en la exposici\u00f3n\u201d, afirma.<\/p>\n<p>Para mayor informaci\u00f3n visita sus redes @ricsmaal o su p\u00e1gina web\u00a0<a href=\"https:\/\/www.ricsmaal.com\/\" target=\"_blank\" rel=\"noopener\" data-saferedirecturl=\"https:\/\/www.google.com\/url?hl=es&amp;q=https:\/\/www.ricsmaal.com\/&amp;source=gmail&amp;ust=1532027673876000&amp;usg=AFQjCNFXJGaD9JCwoZWLsei86aOz4NJtZw\">https:\/\/www.ricsmaal.com\/<\/a>.<\/p>\n","protected":false},"excerpt":{"rendered":"<p>El fot\u00f3grafo y aficionado a la aviaci\u00f3n Ricardo Sanabria-Maal, presenta \u201cVenezuela a 6 mil pies de altura\u201d, su primera exposici\u00f3n individual, desde este s\u00e1bado 14 hasta el domingo 27 de julio, a partir de las 11 am, en la galer\u00eda D\u2019Museo, ubicada en el Centro de Arte Los Galpones. La muestra se presenta en el [&hellip;]<\/p>\n","protected":false},"author":2,"featured_media":2282,"comment_status":"closed","ping_status":"open","sticky":false,"template":"","format":"standard","meta":[],"categories":[463,2],"tags":[712,850,849,15],"wppr_data":[],"_links":{"self":[{"href":"https:\/\/www.notaoficial.com\/s\/wp-json\/wp\/v2\/posts\/2281"}],"collection":[{"href":"https:\/\/www.notaoficial.com\/s\/wp-json\/wp\/v2\/posts"}],"about":[{"href":"https:\/\/www.notaoficial.com\/s\/wp-json\/wp\/v2\/types\/post"}],"author":[{"embeddable":true,"href":"https:\/\/www.notaoficial.com\/s\/wp-json\/wp\/v2\/users\/2"}],"replies":[{"embeddable":true,"href":"https:\/\/www.notaoficial.com\/s\/wp-json\/wp\/v2\/comments?post=2281"}],"version-history":[{"count":1,"href":"https:\/\/www.notaoficial.com\/s\/wp-json\/wp\/v2\/posts\/2281\/revisions"}],"predecessor-version":[{"id":2283,"href":"https:\/\/www.notaoficial.com\/s\/wp-json\/wp\/v2\/posts\/2281\/revisions\/2283"}],"wp:featuredmedia":[{"embeddable":true,"href":"https:\/\/www.notaoficial.com\/s\/wp-json\/wp\/v2\/media\/2282"}],"wp:attachment":[{"href":"https:\/\/www.notaoficial.com\/s\/wp-json\/wp\/v2\/media?parent=2281"}],"wp:term":[{"taxonomy":"category","embeddable":true,"href":"https:\/\/www.notaoficial.com\/s\/wp-json\/wp\/v2\/categories?post=2281"},{"taxonomy":"post_tag","embeddable":true,"href":"https:\/\/www.notaoficial.com\/s\/wp-json\/wp\/v2\/tags?post=2281"}],"curies":[{"name":"wp","href":"https:\/\/api.w.org\/{rel}","templated":true}]}}