{"id":2284,"date":"2018-07-18T19:30:53","date_gmt":"2018-07-18T23:30:53","guid":{"rendered":"http:\/\/www.notaoficial.com\/s\/?p=2284"},"modified":"2018-07-18T15:35:49","modified_gmt":"2018-07-18T19:35:49","slug":"shey-se-apodera-del-no1-en-tres-carteleras-de-monitor-latino","status":"publish","type":"post","link":"https:\/\/www.notaoficial.com\/s\/2018\/07\/18\/shey-se-apodera-del-no1-en-tres-carteleras-de-monitor-latino\/","title":{"rendered":"Shey se apodera del N\u00ba1 en tres carteleras de Monitor Latino"},"content":{"rendered":"<p>Las buenas noticias siguen llegando al corto camino que ha recorrido esta novel cantante. Y es que Shey sigue subiendo como la espuma con \u201cD\u00e9jame verte\u201d, pues conquist\u00f3 el sitial de honor en las carteleras General, Nacional y Pop de Monitor Latino, simult\u00e1neamente.<\/p>\n<p>\u201cDe verdad que todo esto ha sido s\u00faper importante para m\u00ed ya que demuestra que al p\u00fablico le gusta mi trabajo. Me llena de mucha emoci\u00f3n y orgullo pues es el resultado de un trabajo que se ha hecho con mucho cari\u00f1o y amor, que es llevarles mi m\u00fasica a todos los venezolanos. Se nota la aceptaci\u00f3n que ha tenido el tema en todos los estados que he visitado\u201d, comenta la artista.<\/p>\n<p>Aunque el camino apenas comienza para Shey, tiene su norte m\u00e1s que definido y es seguir haciendo m\u00fasica de alta factura, fusionando g\u00e9neros que la hacen resaltar dentro del mercado musical.<\/p>\n<p>Por ahora, se concentra en realizar una extensa gira de medios por todo el territorio nacional: \u201cLa receptividad ha sido muy buen. Definitivamente, \u00a0la fusi\u00f3n entre el house y el urbano hace que le presten atenci\u00f3n a mi m\u00fasica de manera m\u00e1s detallada, se interesen en conocer c\u00f3mo surgi\u00f3 la idea de mezclar esos g\u00e9neros sabiendo lo dif\u00edcil que es incursionar y escalar posici\u00f3n en una carrera apoderada de las figuras masculinas\u201d, agrega.<\/p>\n<p>\u201cD\u00e9jame verte\u201d cuenta con su material audiovisual dirigido por Jes\u00fas Cardozo, el cual tiene m\u00e1s de 18 mil visitas en su canal de Youtube, a tan solo dos semanas de haberse estrenado. El mismo relata una peculiar historia y final inesperado.<\/p>\n<p><strong>Para seguir cada paso de Shey, no duden en seguirla en sus redes sociales como @Sheymusica.<\/strong><\/p>\n","protected":false},"excerpt":{"rendered":"<p>Las buenas noticias siguen llegando al corto camino que ha recorrido esta novel cantante. Y es que Shey sigue subiendo como la espuma con \u201cD\u00e9jame verte\u201d, pues conquist\u00f3 el sitial de honor en las carteleras General, Nacional y Pop de Monitor Latino, simult\u00e1neamente. \u201cDe verdad que todo esto ha sido s\u00faper importante para m\u00ed ya [&hellip;]<\/p>\n","protected":false},"author":2,"featured_media":2285,"comment_status":"closed","ping_status":"open","sticky":false,"template":"","format":"standard","meta":[],"categories":[463,2],"tags":[852,853,381,851,15],"wppr_data":[],"_links":{"self":[{"href":"https:\/\/www.notaoficial.com\/s\/wp-json\/wp\/v2\/posts\/2284"}],"collection":[{"href":"https:\/\/www.notaoficial.com\/s\/wp-json\/wp\/v2\/posts"}],"about":[{"href":"https:\/\/www.notaoficial.com\/s\/wp-json\/wp\/v2\/types\/post"}],"author":[{"embeddable":true,"href":"https:\/\/www.notaoficial.com\/s\/wp-json\/wp\/v2\/users\/2"}],"replies":[{"embeddable":true,"href":"https:\/\/www.notaoficial.com\/s\/wp-json\/wp\/v2\/comments?post=2284"}],"version-history":[{"count":1,"href":"https:\/\/www.notaoficial.com\/s\/wp-json\/wp\/v2\/posts\/2284\/revisions"}],"predecessor-version":[{"id":2286,"href":"https:\/\/www.notaoficial.com\/s\/wp-json\/wp\/v2\/posts\/2284\/revisions\/2286"}],"wp:featuredmedia":[{"embeddable":true,"href":"https:\/\/www.notaoficial.com\/s\/wp-json\/wp\/v2\/media\/2285"}],"wp:attachment":[{"href":"https:\/\/www.notaoficial.com\/s\/wp-json\/wp\/v2\/media?parent=2284"}],"wp:term":[{"taxonomy":"category","embeddable":true,"href":"https:\/\/www.notaoficial.com\/s\/wp-json\/wp\/v2\/categories?post=2284"},{"taxonomy":"post_tag","embeddable":true,"href":"https:\/\/www.notaoficial.com\/s\/wp-json\/wp\/v2\/tags?post=2284"}],"curies":[{"name":"wp","href":"https:\/\/api.w.org\/{rel}","templated":true}]}}