{"id":2291,"date":"2018-07-18T20:00:57","date_gmt":"2018-07-19T00:00:57","guid":{"rendered":"http:\/\/www.notaoficial.com\/s\/?p=2291"},"modified":"2018-07-18T15:46:46","modified_gmt":"2018-07-18T19:46:46","slug":"un-viaje-del-barroco-al-jazz-en-un-concierto-irrepetible","status":"publish","type":"post","link":"https:\/\/www.notaoficial.com\/s\/2018\/07\/18\/un-viaje-del-barroco-al-jazz-en-un-concierto-irrepetible\/","title":{"rendered":"Un viaje del Barroco al Jazz en un concierto irrepetible"},"content":{"rendered":"<p>Frank Di Polo y Edepson Gonz\u00e1lez, dos maestros de la m\u00fasica forjados en universos muy distintos, el primero, en las grandes orquestas sinf\u00f3nicas y de c\u00e1mara y el segundo en un verdadero emblema de la m\u00fasica latina como Guaco; se unen para emprender un viaje por los fascinantes caminos del Barroco y el Jazz, el pr\u00f3ximo domingo 29 de julio, a las 11:30 a.m. en el Centro Cultural BOD.<\/p>\n<p>Y es que es sabido que en la m\u00fasica Barroca, y sobre todo en los conciertos, lo habitual era dejar l\u00edneas abiertas a los instrumentos solistas para que improvisaran sobre unas pautas. Con el paso del tiempo, esa apertura se fue perdiendo en los conciertos barrocos, tal como se suelen o\u00edr hoy en d\u00eda, la parte \u00abimprovisada\u00bb de los solistas se interpreta siempre de la misma manera, siguiendo una o m\u00e1s transcripciones \u00abfamosas\u00bb. Algo as\u00ed como si los jazzistas actuales interpretaran los solos de jazz seg\u00fan transcripciones de famosas improvisaciones de Charlie Parker, Miles Davis o Gillespie, por citar solo algunos grandes maestros del g\u00e9nero.<\/p>\n<p>Guiados m\u00e1s por la inspiraci\u00f3n y la empat\u00eda que por un programa cerrado, Gonz\u00e1lez y Di Polo har\u00e1n lo propio en este concierto donde atravesar\u00e1n las aguas del barroco hasta los linderos del jazz a trav\u00e9s de obras de autores como Astor Piazzola, Aldemaro Romero o George Gershwin, El d\u00fao interpretar\u00e1 las composiciones con una viola, una trompeta y un fliscorno, todos a cargo de Di Polo mientras Gonz\u00e1lez har\u00e1 lo propio con el piano.<\/p>\n<p>Frank Di Polo, reconocido por ser uno de los fundadores de la Orquesta Sinf\u00f3nica Sim\u00f3n Bol\u00edvar, donde fue concertino, viola principal y principal de los segundos violines, tiene la m\u00fasica del barroco como una de las especialidades que considera \u00abes un estilo que debe ser estudiado por los que se est\u00e1n formando en los instrumentos de cuerda\u201d. Edepson Gonz\u00e1lez, entretanto, quien \u201cespera sorprender a los asistentes con una manera distinta de hacer m\u00fasica\u201d, proviene de reconocidas agrupaciones gaiteras y de jazz y desde 2004 forma parte de Guaco. A lo largo de su carrera ha trabajo con artistas como Kiara, Mar\u00eda Teresa Chac\u00edn o Yordano.<\/p>\n<p>El p\u00fablico podr\u00e1 disfrutar Del Barroco al Jazz\u2026 Y algo m\u00e1s, el domingo 29 de julio, a las 11:30 a.m. Las entradas est\u00e1n a la venta en ticketmundo.com y en las taquillas del Centro Cultural BOD. Mayor informaci\u00f3n en www.centroculturalbod.com, por los tel\u00e9fonos: 0800CCBOD (0800 22263 00) o por la redes sociales Instagram y Twitter: @cculturalbod<\/p>\n","protected":false},"excerpt":{"rendered":"<p>Frank Di Polo y Edepson Gonz\u00e1lez, dos maestros de la m\u00fasica forjados en universos muy distintos, el primero, en las grandes orquestas sinf\u00f3nicas y de c\u00e1mara y el segundo en un verdadero emblema de la m\u00fasica latina como Guaco; se unen para emprender un viaje por los fascinantes caminos del Barroco y el Jazz, el [&hellip;]<\/p>\n","protected":false},"author":2,"featured_media":2292,"comment_status":"closed","ping_status":"open","sticky":false,"template":"","format":"standard","meta":[],"categories":[463,2],"tags":[856,379,857,855,854,859,385,858,15],"wppr_data":[],"_links":{"self":[{"href":"https:\/\/www.notaoficial.com\/s\/wp-json\/wp\/v2\/posts\/2291"}],"collection":[{"href":"https:\/\/www.notaoficial.com\/s\/wp-json\/wp\/v2\/posts"}],"about":[{"href":"https:\/\/www.notaoficial.com\/s\/wp-json\/wp\/v2\/types\/post"}],"author":[{"embeddable":true,"href":"https:\/\/www.notaoficial.com\/s\/wp-json\/wp\/v2\/users\/2"}],"replies":[{"embeddable":true,"href":"https:\/\/www.notaoficial.com\/s\/wp-json\/wp\/v2\/comments?post=2291"}],"version-history":[{"count":1,"href":"https:\/\/www.notaoficial.com\/s\/wp-json\/wp\/v2\/posts\/2291\/revisions"}],"predecessor-version":[{"id":2293,"href":"https:\/\/www.notaoficial.com\/s\/wp-json\/wp\/v2\/posts\/2291\/revisions\/2293"}],"wp:featuredmedia":[{"embeddable":true,"href":"https:\/\/www.notaoficial.com\/s\/wp-json\/wp\/v2\/media\/2292"}],"wp:attachment":[{"href":"https:\/\/www.notaoficial.com\/s\/wp-json\/wp\/v2\/media?parent=2291"}],"wp:term":[{"taxonomy":"category","embeddable":true,"href":"https:\/\/www.notaoficial.com\/s\/wp-json\/wp\/v2\/categories?post=2291"},{"taxonomy":"post_tag","embeddable":true,"href":"https:\/\/www.notaoficial.com\/s\/wp-json\/wp\/v2\/tags?post=2291"}],"curies":[{"name":"wp","href":"https:\/\/api.w.org\/{rel}","templated":true}]}}