{"id":22994,"date":"2024-07-06T23:50:40","date_gmt":"2024-07-07T03:50:40","guid":{"rendered":"https:\/\/www.notaoficial.com\/s\/?p=22994"},"modified":"2024-07-06T23:50:40","modified_gmt":"2024-07-07T03:50:40","slug":"la-alcaldia-de-medellin-dice-presente-en-los-monitor-music-awards","status":"publish","type":"post","link":"https:\/\/www.notaoficial.com\/s\/2024\/07\/06\/la-alcaldia-de-medellin-dice-presente-en-los-monitor-music-awards\/","title":{"rendered":"La alcald\u00eda de Medell\u00edn dice presente en los Monitor Music Awards"},"content":{"rendered":"<div dir=\"auto\">La gala que ser\u00e1 transmitida a m\u00e1s de 20 pa\u00edses este a\u00f1o confirma su emisi\u00f3n en vivo por Teleantioquia en Colombia, en M\u00e9xico canal 13, Guatemala canal 3, 7 y 11, Costa Rica Repretel, canal 6 y 11, Rep\u00fablica Dominicana, Antena 7 &amp; Canal 2, Per\u00fa ATV y Global, Bolivia Bolivisi\u00f3n, Chile la Red, Nicaragua Canal 10, El Salvador Canal 12, Ecuador RTS\/TVC, Paraguay Paravisi\u00f3n, Honduras VTV, Uruguay Canal CRTV, Claro, Claro M\u00fasica Tv, Sin L\u00edmites y Radiola Tv, entre otros.<\/div>\n<div dir=\"auto\"><\/div>\n<div dir=\"auto\">Anuncia oficialmente German Gonzalez CEO de EMAX GROUP empresa productora de los PREMIOS MONITOR LATINO<\/div>\n<div dir=\"auto\"><\/div>\n<div dir=\"auto\">La leyenda del hip pop americana, Flo Rida, tiene todo preparado para su presentaci\u00f3n especial, al igual que artistas como Nacho, Venesti y la Orquesta Filarm\u00f3nica de Medell\u00edn, con m\u00e1s de 20 m\u00fasicos en escena dicen, \u00a1somos motor! y ser\u00e1n los grandes protagonistas de esta velada.<\/div>\n<div dir=\"auto\"><\/div>\n<div dir=\"auto\">As\u00ed mismo grandes influencers confirman su participaci\u00f3n como, Los Monta\u00f1eros de Colombia y Carlos Montesquieu de Rep\u00fablica Dominicana<\/div>\n<div dir=\"auto\"><\/div>\n<div dir=\"auto\">A continuaci\u00f3n, los detalles de la programaci\u00f3n del concurso, *Monitor Stage X Claro M\u00fasica Tv,* que con todo \u00e9xito llega a su tercera fase.<\/div>\n<div dir=\"auto\"><\/div>\n<div dir=\"auto\">Los 18 participantes que quedan en el concurso, deben componer una canci\u00f3n que tenga como tem\u00e1tica _La Fiesta, este tema debe ser m\u00e1ximo de 90 segundos, el video deber\u00e1 ser montado en Instagram en formato vertical utilizando el hashtag #monitorstagexclaromusicatv, etiquetando a @premiosmonitor, @radiolatv, @laneveranews, @telodicecuervo y @camilocuervo. El artista que m\u00e1s aceptaci\u00f3n tenga en su video (reposteado por premios monitor), recibir\u00e1 10 puntos en el apartado de engagement y de all\u00ed se parte para calificar correspondientemente a los dem\u00e1s concursantes.<\/div>\n<div dir=\"auto\"><\/div>\n<div dir=\"auto\">Los dem\u00e1s puntos a calificar ser\u00e1n decididos objetivamente por los jurados del concurso.<\/div>\n<div dir=\"auto\"><\/div>\n<div dir=\"auto\">\u00a0En un rango 0 a 10 donde 0 es el puntaje m\u00ednimo y 10 el m\u00e1ximo puntaje. adem\u00e1s, se har\u00e1n observaciones de cada concursante de la siguiente manera:<\/div>\n<div dir=\"auto\"><\/div>\n<div dir=\"auto\">Composici\u00f3n: 30%, Melod\u00eda: 10%, Afinaci\u00f3n: 20%, Engagement: 10%, Expresi\u00f3n Corporal: 20%, Calidad Del Video: 10%.<\/div>\n<div dir=\"auto\">Muy importante tener en cuenta:<\/div>\n<div dir=\"auto\"><\/div>\n<div dir=\"auto\">1. El video deber\u00e1 ser grabado en formato vertical para redes sociales.<\/div>\n<div dir=\"auto\">2. El participante deber\u00e1 cantar en vivo (puede ser con una pista, con un instrumento musical o cualquier otro apoyo musical)<\/div>\n<div dir=\"auto\">3. La canci\u00f3n deber\u00e1 ser in\u00e9dita, original y que no est\u00e9 en plataformas digitales.<\/div>\n<div dir=\"auto\">4. No se aceptar\u00e1n videos reciclados (de YouTube, IG, Facebook, TikTok o parecidos).<\/div>\n<div dir=\"auto\">5. No se pueden mostrar logos, t\u00edtulos o marcas de ning\u00fan tipo en el video. si quieren hacer un intro para el video, est\u00e1 bien pero no m\u00e1s.<\/div>\n<div dir=\"auto\">6. Mucho cuidado con mostrar marcas tercerizadas en sus videos (marcas de alcohol, cigarrillos, locales, veh\u00edculos y dem\u00e1s).<\/div>\n<div dir=\"auto\">7. Plazo m\u00e1ximo para subir el video, ser\u00e1 el martes 2 de julio a la media noche.<\/div>\n<div dir=\"auto\"><\/div>\n<div dir=\"auto\">Solo pasar\u00e1n 8 concursantes a la siguiente fase del concurso.<\/div>\n<div dir=\"auto\"><\/div>\n<div dir=\"auto\">Y as\u00ed comienza la preparaci\u00f3n para compartir escenario el 31 de julio en el Pabell\u00f3n Amarillo de Plaza Mayor con: Arelys Henao ,Flo Rida, Oya Baby , Alex Sensation , J \u00c1lvarez , Nacho , Venesti , Luis Alfonso , Yeison Jim\u00e9nez, Joe Montana, Ana del Castillo , Willy Garc\u00eda, Mr. Black, Nacho, Los Hermanos Esquivel, La Orquesta Filarm\u00f3nica de Medell\u00edn, El Combo de Las Estrellas, Greyvi, V\u00edctor C\u00e1rdenas, Am\u00e9rico de Chile, Fernando Gil, Pepe Guerrero, 50 de Joselito, Jey One, Tivi Guns, El Cherry Scom, Danny Mar\u00edn, Kelly C\u00e1rdenas, Grupo Ca\u00f1averal, Mawell, Farah, Do2, Juan V\u00e9lez, Luister La Voz, Champeta Kings, Cenca, Luis Vega, Hern\u00e1n G\u00f3mez, Oplus, AJOnTheGrind, Los Inquietos del Vallenato, Mono Zabaleta, Camilo Cuervo, Lenier.<\/div>\n<div dir=\"auto\"><\/div>\n<div dir=\"auto\">La semana Monitor comienza este 29 de julio en Belisario con el Show Case oficial seguido de las conferencias el 30 de julio en Plaza Mayor y el coctel VIP de bienvenidos en Andr\u00e9s Carne de Res que comienza a las 8:00 p.m. para as\u00ed llegar a la gran gala de premiaci\u00f3n el 31 de julio en el Pabell\u00f3n Amarillo de Plaza Mayor.<\/div>\n<div dir=\"auto\"><\/div>\n<div dir=\"auto\">Como siempre E-Max Group, trabaja intensamente para dar lo mejor en estos premios que ya son parte de la programaci\u00f3n musical de Colombia, pues llegan a su Quinta versi\u00f3n y cada vez toman m\u00e1s fuerza y aceptaci\u00f3n por parte de la industria musical y los m\u00e1s importantes artistas latinos.<\/div>\n","protected":false},"excerpt":{"rendered":"<p>La gala que ser\u00e1 transmitida a m\u00e1s de 20 pa\u00edses este a\u00f1o confirma su emisi\u00f3n en vivo por Teleantioquia en Colombia, en M\u00e9xico canal 13, Guatemala canal 3, 7 y 11, Costa Rica Repretel, canal 6 y 11, Rep\u00fablica Dominicana, Antena 7 &amp; Canal 2, Per\u00fa ATV y Global, Bolivia Bolivisi\u00f3n, Chile la Red, Nicaragua [&hellip;]<\/p>\n","protected":false},"author":2,"featured_media":23003,"comment_status":"closed","ping_status":"open","sticky":false,"template":"","format":"standard","meta":[],"categories":[93,146,2],"tags":[28,381],"wppr_data":{"cwp_meta_box_check":"No"},"_links":{"self":[{"href":"https:\/\/www.notaoficial.com\/s\/wp-json\/wp\/v2\/posts\/22994"}],"collection":[{"href":"https:\/\/www.notaoficial.com\/s\/wp-json\/wp\/v2\/posts"}],"about":[{"href":"https:\/\/www.notaoficial.com\/s\/wp-json\/wp\/v2\/types\/post"}],"author":[{"embeddable":true,"href":"https:\/\/www.notaoficial.com\/s\/wp-json\/wp\/v2\/users\/2"}],"replies":[{"embeddable":true,"href":"https:\/\/www.notaoficial.com\/s\/wp-json\/wp\/v2\/comments?post=22994"}],"version-history":[{"count":1,"href":"https:\/\/www.notaoficial.com\/s\/wp-json\/wp\/v2\/posts\/22994\/revisions"}],"predecessor-version":[{"id":23004,"href":"https:\/\/www.notaoficial.com\/s\/wp-json\/wp\/v2\/posts\/22994\/revisions\/23004"}],"wp:featuredmedia":[{"embeddable":true,"href":"https:\/\/www.notaoficial.com\/s\/wp-json\/wp\/v2\/media\/23003"}],"wp:attachment":[{"href":"https:\/\/www.notaoficial.com\/s\/wp-json\/wp\/v2\/media?parent=22994"}],"wp:term":[{"taxonomy":"category","embeddable":true,"href":"https:\/\/www.notaoficial.com\/s\/wp-json\/wp\/v2\/categories?post=22994"},{"taxonomy":"post_tag","embeddable":true,"href":"https:\/\/www.notaoficial.com\/s\/wp-json\/wp\/v2\/tags?post=22994"}],"curies":[{"name":"wp","href":"https:\/\/api.w.org\/{rel}","templated":true}]}}