{"id":23031,"date":"2024-07-08T23:07:42","date_gmt":"2024-07-09T03:07:42","guid":{"rendered":"https:\/\/www.notaoficial.com\/s\/?p=23031"},"modified":"2024-07-08T23:07:42","modified_gmt":"2024-07-09T03:07:42","slug":"al-ritmo-de-maria-maria-j-salez-junto-a-derekvinci","status":"publish","type":"post","link":"https:\/\/www.notaoficial.com\/s\/2024\/07\/08\/al-ritmo-de-maria-maria-j-salez-junto-a-derekvinci\/","title":{"rendered":"Al ritmo de \u00abMaria Maria\u00bb J Salez junto a DerekVinci"},"content":{"rendered":"<p><span style=\"font-size: large;\"><b><a href=\"https:\/\/www.instagram.com\/jsalez\/\" target=\"_blank\" rel=\"noopener\" data-saferedirecturl=\"https:\/\/www.google.com\/url?q=https:\/\/www.instagram.com\/jsalez\/&amp;source=gmail&amp;ust=1720579383276000&amp;usg=AOvVaw10m0-gNl_avBseyF6pDlB-\">J Salez<\/a><\/b>, en colaboraci\u00f3n con<a href=\"https:\/\/www.instagram.com\/derekvinci\/\" target=\"_blank\" rel=\"noopener\" data-saferedirecturl=\"https:\/\/www.google.com\/url?q=https:\/\/www.instagram.com\/derekvinci\/&amp;source=gmail&amp;ust=1720579383276000&amp;usg=AOvVaw3RUSUSjq7dBbRrGIOA6PfK\">\u00a0<b>DerekVinci<\/b><\/a>, ha desvelado una nueva e innovadora versi\u00f3n de Bachata. Esta composici\u00f3n \u00fanica, una fusi\u00f3n de los temas atemporales<b>\u00a0<a href=\"https:\/\/open.spotify.com\/intl-es\/track\/3jVyN4y1XjCxV6ddlH54pN\" target=\"_blank\" rel=\"noopener\" data-saferedirecturl=\"https:\/\/www.google.com\/url?q=https:\/\/open.spotify.com\/intl-es\/track\/3jVyN4y1XjCxV6ddlH54pN&amp;source=gmail&amp;ust=1720579383276000&amp;usg=AOvVaw30dVF4B7j0McwzZwU3vHrW\">\u00abMaria Maria\u00bb<\/a>\u00a0<\/b>y\u00a0<b>\u00abWild Thoughts\u00bb<\/b>, est\u00e1 a punto de revolucionar la escena del baile latino. Con la promesa de convertirse en el himno de la bachata del verano, esta versi\u00f3n es una escucha obligada para todos los entusiastas de la m\u00fasica latina.<\/p>\n<p><a href=\"https:\/\/youtu.be\/ZmNcSm49btI?si=MBgpARf_E7Vo7OlO\" target=\"_blank\" rel=\"noopener\" data-saferedirecturl=\"https:\/\/www.google.com\/url?q=https:\/\/youtu.be\/ZmNcSm49btI?si%3DMBgpARf_E7Vo7OlO&amp;source=gmail&amp;ust=1720579383276000&amp;usg=AOvVaw3NeW1GajxZ1eNNvrylJfLU\">https:\/\/youtu.be\/ZmNcSm49btI?<wbr \/>si=MBgpARf_E7Vo7OlO<\/a><\/p>\n<p>La versi\u00f3n incluye la canci\u00f3n cl\u00e1sica\u00a0<b><a href=\"https:\/\/open.spotify.com\/intl-es\/track\/3jVyN4y1XjCxV6ddlH54pN\" target=\"_blank\" rel=\"noopener\" data-saferedirecturl=\"https:\/\/www.google.com\/url?q=https:\/\/open.spotify.com\/intl-es\/track\/3jVyN4y1XjCxV6ddlH54pN&amp;source=gmail&amp;ust=1720579383276000&amp;usg=AOvVaw30dVF4B7j0McwzZwU3vHrW\">\u00abMaria Maria\u00bb<\/a><\/b>, que se entrelaza con la herencia mexicano-americana de\u00a0<b>J Salez<\/b>. Es una poderosa muestra de diversas influencias musicales. Con su formaci\u00f3n y talento \u00fanicos,\u00a0<b>J Salez<\/b>\u00a0aporta una nueva perspectiva a este tema tan querido, infundi\u00e9ndole su estilo caracter\u00edstico y su pasi\u00f3n por la m\u00fasica bachata.<\/p>\n<p>Adem\u00e1s, la colaboraci\u00f3n con el mundialmente conocido bailar\u00edn de bachata\u00a0<b><a href=\"https:\/\/www.instagram.com\/ataca_official\/\" target=\"_blank\" rel=\"noopener\" data-saferedirecturl=\"https:\/\/www.google.com\/url?q=https:\/\/www.instagram.com\/ataca_official\/&amp;source=gmail&amp;ust=1720579383276000&amp;usg=AOvVaw38NcCWCGz2I4fIXqURkM_R\">Ataca<\/a><\/b>\u00a0eleva la canci\u00f3n a nuevas costas. La incomparable influencia del baile de\u00a0<b>Ataca<\/b>\u00a0servir\u00e1 para ampliar el alcance mundial de la canci\u00f3n, con planes para un atractivo desaf\u00edo de baile de Bachata destinado a unir a los fans de todo el mundo en la celebraci\u00f3n de la m\u00fasica y el baile.<\/p>\n<p><b>DerekVinci\u00a0<\/b>une el gran talento de<b>\u00a0J Salez<\/b>\u00a0junto a su producci\u00f3n musical elevando los sonidos de la bachata dominicana a una nueva fusi\u00f3n con la mezcla seductora del mexicano-americano\u00a0<b>J Salez<\/b>.<\/p>\n<p>Prep\u00e1rate para dejarte cautivar por la fusi\u00f3n de melod\u00edas ic\u00f3nicas y un toque contempor\u00e1neo en esta versi\u00f3n de Bachata. Promete ofrecer una visi\u00f3n fresca y estimulante de la m\u00fasica y el baile latinos, testimonio del talento \u00fanico de<b>\u00a0J Salez<\/b>,<b>\u00a0DerekVinci\u00a0<\/b>y la performance de\u00a0<b>Ataca<\/b>. Un viaje musical que no querr\u00e1s perderte.<\/span><\/p>\n","protected":false},"excerpt":{"rendered":"<p>J Salez, en colaboraci\u00f3n con\u00a0DerekVinci, ha desvelado una nueva e innovadora versi\u00f3n de Bachata. Esta composici\u00f3n \u00fanica, una fusi\u00f3n de los temas atemporales\u00a0\u00abMaria Maria\u00bb\u00a0y\u00a0\u00abWild Thoughts\u00bb, est\u00e1 a punto de revolucionar la escena del baile latino. Con la promesa de convertirse en el himno de la bachata del verano, esta versi\u00f3n es una escucha obligada para [&hellip;]<\/p>\n","protected":false},"author":2,"featured_media":23032,"comment_status":"closed","ping_status":"open","sticky":false,"template":"","format":"standard","meta":[],"categories":[93,146,2],"tags":[1176,9947],"wppr_data":{"cwp_meta_box_check":"No"},"_links":{"self":[{"href":"https:\/\/www.notaoficial.com\/s\/wp-json\/wp\/v2\/posts\/23031"}],"collection":[{"href":"https:\/\/www.notaoficial.com\/s\/wp-json\/wp\/v2\/posts"}],"about":[{"href":"https:\/\/www.notaoficial.com\/s\/wp-json\/wp\/v2\/types\/post"}],"author":[{"embeddable":true,"href":"https:\/\/www.notaoficial.com\/s\/wp-json\/wp\/v2\/users\/2"}],"replies":[{"embeddable":true,"href":"https:\/\/www.notaoficial.com\/s\/wp-json\/wp\/v2\/comments?post=23031"}],"version-history":[{"count":1,"href":"https:\/\/www.notaoficial.com\/s\/wp-json\/wp\/v2\/posts\/23031\/revisions"}],"predecessor-version":[{"id":23033,"href":"https:\/\/www.notaoficial.com\/s\/wp-json\/wp\/v2\/posts\/23031\/revisions\/23033"}],"wp:featuredmedia":[{"embeddable":true,"href":"https:\/\/www.notaoficial.com\/s\/wp-json\/wp\/v2\/media\/23032"}],"wp:attachment":[{"href":"https:\/\/www.notaoficial.com\/s\/wp-json\/wp\/v2\/media?parent=23031"}],"wp:term":[{"taxonomy":"category","embeddable":true,"href":"https:\/\/www.notaoficial.com\/s\/wp-json\/wp\/v2\/categories?post=23031"},{"taxonomy":"post_tag","embeddable":true,"href":"https:\/\/www.notaoficial.com\/s\/wp-json\/wp\/v2\/tags?post=23031"}],"curies":[{"name":"wp","href":"https:\/\/api.w.org\/{rel}","templated":true}]}}