{"id":23115,"date":"2024-07-14T22:49:52","date_gmt":"2024-07-15T02:49:52","guid":{"rendered":"https:\/\/www.notaoficial.com\/s\/?p=23115"},"modified":"2024-07-14T22:49:52","modified_gmt":"2024-07-15T02:49:52","slug":"el-alfa-romeo-33-stradale-debuta-en-el-reino-unido-en-el-festival-de-la-velocidad-de-goodwood","status":"publish","type":"post","link":"https:\/\/www.notaoficial.com\/s\/2024\/07\/14\/el-alfa-romeo-33-stradale-debuta-en-el-reino-unido-en-el-festival-de-la-velocidad-de-goodwood\/","title":{"rendered":"El Alfa Romeo 33 Stradale debuta en el Reino Unido en el Festival de la Velocidad de Goodwood"},"content":{"rendered":"<p>Este a\u00f1o, el Festival de la Velocidad de Goodwood contar\u00e1 con Alfa Romeo con el debut del Alfa Romeo 33 Stradale en un evento p\u00fablico internacional que no sea en Italia. Adem\u00e1s, solo unos d\u00edas despu\u00e9s de su din\u00e1mico debut ante la prensa internacional, el Alfa Romeo Junior se exhibir\u00e1 en una secci\u00f3n dedicada exclusivamente a los coches electrificados: \u00abElectric Avenue\u00bb.<\/p>\n<p><strong>Goodwood \u2013 Una pasarela de clase mundial para el automovilismo<\/strong><\/p>\n<p>Celebrado por primera vez en 1993 e inicialmente centrado en los coches antiguos, el Festival de la Velocidad de Goodwood es una cita ineludible. Con el paso de los a\u00f1os, se ha convertido en un referente mundial para los aficionados a la cultura del autom\u00f3vil. Abierto a los modelos actuales desde el a\u00f1o 2000, el evento incluye exposiciones, roadshows y escenarios especiales. Participa una amplia gama de veh\u00edculos, desde modelos antiguos hasta coches de F\u00f3rmula 1. Por lo tanto, los principales fabricantes de autom\u00f3viles consideran este evento como un escaparate internacional para sus \u00faltimos modelos: este a\u00f1o, por primera vez fuera de Italia, Alfa Romeo presenta p\u00fablicamente el nuevo 33 Stradale hecho a medida y el nuevo compacto Junior.<\/p>\n<p><strong>Alfa Romeo 33 Stradale<\/strong><\/p>\n<p>El Alfa Romeo 33 Stradale estar\u00e1 en exhibici\u00f3n en la <strong>\u00a0secci\u00f3n \u00abSupercar Paddock\u00bb,<\/strong> abierta durante todo el evento. Hace unas semanas, particip\u00f3 en otro evento internacional de renombre, el \u00abConcorso d&#8217;Eleganza Villa d&#8217;Este\u00bb, que desde 1929 selecciona los coches de \u00e9poca m\u00e1s bellos, junto a los prototipos m\u00e1s atractivos desde 2002. El nuevo Alfa Romeo 33 Stradale gan\u00f3 el codiciado <strong>Design Concept Award<\/strong>, confirm\u00e1ndolo como una obra de arte en movimiento.<\/p>\n<p>El nuevo Alfa Romeo 33 Stradale act\u00faa como el \u00abmanifiesto\u00bb de la marca, en t\u00e9rminos de estilo, tecnolog\u00eda y experiencia de conducci\u00f3n. El nuevo coche a medida se basa directamente en el Tipo 33, un gran nombre del automovilismo mundial y un icono de la d\u00e9cada de 1960, que hasta el d\u00eda de hoy sigue siendo considerado uno de los coches m\u00e1s bellos de todos los tiempos. Fabricado en solo 33 unidades exclusivas, el nuevo coup\u00e9 biplaza combina tradici\u00f3n y futuro, y se produce seg\u00fan un proceso artesanal \u00fanico, exactamente de la misma manera que en las boutiques artesanales del Renacimiento y en los talleres de la d\u00e9cada de 1960 de renombrados carroceros italianos.<\/p>\n<p><strong>Alfa Romeo Junior<\/strong><\/p>\n<p>El Festival de la Velocidad tambi\u00e9n contar\u00e1 con el nuevo compacto deportivo Junior, el primer autom\u00f3vil equipado con un tren motriz totalmente el\u00e9ctrico, que se exhibir\u00e1 al p\u00fablico en el \u00e1rea dedicada a la <strong>\u00abAvenida El\u00e9ctrica<\/strong> \u00ab. Junior es deportivo de coraz\u00f3n, de tama\u00f1o compacto e italiano a primera vista. El ELETTRICA est\u00e1 disponible en dos niveles de potencia, 156 CV o el de mayor rendimiento 280 CV. Ambas versiones sirven como \u00edconos del ADN deportivo de Alfa Romeo, autos tradicionalmente cotidianos con la mejor din\u00e1mica de conducci\u00f3n de su clase. Llevan el placer de conducir t\u00edpico de Alfa Romeo al segmento compacto, mediante soluciones t\u00e9cnicas espec\u00edficas resultantes de un proceso de desarrollo coordinado por el mismo equipo de ingenieros italianos que han dado vida a proyectos extraordinarios en el pasado reciente (Giulia GTA, 4C, Giulia y Stelvio Quadrifoglio, 4C).<\/p>\n<p>Adem\u00e1s de su aparici\u00f3n en el Festival de la Velocidad, el Alfa Romeo Junior se ir\u00e1 de gira por el Reino Unido durante todo el verano, dando al p\u00fablico la oportunidad de probar el modelo. El roadshow visitar\u00e1 lugares en Bristol, Birmingham, Leicester y The O2 en Londres. Obtenga m\u00e1s informaci\u00f3n y vea la lista completa de las paradas del recorrido en www.alfaromeo.co.uk\/roadshow.<\/p>\n<p>&nbsp;<\/p>\n<p>Tur\u00edn, 12 de julio de 2024<\/p>\n","protected":false},"excerpt":{"rendered":"<p>Este a\u00f1o, el Festival de la Velocidad de Goodwood contar\u00e1 con Alfa Romeo con el debut del Alfa Romeo 33 Stradale en un evento p\u00fablico internacional que no sea en Italia. Adem\u00e1s, solo unos d\u00edas despu\u00e9s de su din\u00e1mico debut ante la prensa internacional, el Alfa Romeo Junior se exhibir\u00e1 en una secci\u00f3n dedicada exclusivamente [&hellip;]<\/p>\n","protected":false},"author":2,"featured_media":23120,"comment_status":"closed","ping_status":"open","sticky":false,"template":"","format":"standard","meta":[],"categories":[93,146,2],"tags":[10513],"wppr_data":{"cwp_meta_box_check":"No"},"_links":{"self":[{"href":"https:\/\/www.notaoficial.com\/s\/wp-json\/wp\/v2\/posts\/23115"}],"collection":[{"href":"https:\/\/www.notaoficial.com\/s\/wp-json\/wp\/v2\/posts"}],"about":[{"href":"https:\/\/www.notaoficial.com\/s\/wp-json\/wp\/v2\/types\/post"}],"author":[{"embeddable":true,"href":"https:\/\/www.notaoficial.com\/s\/wp-json\/wp\/v2\/users\/2"}],"replies":[{"embeddable":true,"href":"https:\/\/www.notaoficial.com\/s\/wp-json\/wp\/v2\/comments?post=23115"}],"version-history":[{"count":1,"href":"https:\/\/www.notaoficial.com\/s\/wp-json\/wp\/v2\/posts\/23115\/revisions"}],"predecessor-version":[{"id":23121,"href":"https:\/\/www.notaoficial.com\/s\/wp-json\/wp\/v2\/posts\/23115\/revisions\/23121"}],"wp:featuredmedia":[{"embeddable":true,"href":"https:\/\/www.notaoficial.com\/s\/wp-json\/wp\/v2\/media\/23120"}],"wp:attachment":[{"href":"https:\/\/www.notaoficial.com\/s\/wp-json\/wp\/v2\/media?parent=23115"}],"wp:term":[{"taxonomy":"category","embeddable":true,"href":"https:\/\/www.notaoficial.com\/s\/wp-json\/wp\/v2\/categories?post=23115"},{"taxonomy":"post_tag","embeddable":true,"href":"https:\/\/www.notaoficial.com\/s\/wp-json\/wp\/v2\/tags?post=23115"}],"curies":[{"name":"wp","href":"https:\/\/api.w.org\/{rel}","templated":true}]}}