{"id":2318,"date":"2018-07-22T16:30:48","date_gmt":"2018-07-22T20:30:48","guid":{"rendered":"http:\/\/www.notaoficial.com\/s\/?p=2318"},"modified":"2018-07-22T15:35:27","modified_gmt":"2018-07-22T19:35:27","slug":"jovenes-que-transforman-inyecta-esperanza-en-las-comunidades","status":"publish","type":"post","link":"https:\/\/www.notaoficial.com\/s\/2018\/07\/22\/jovenes-que-transforman-inyecta-esperanza-en-las-comunidades\/","title":{"rendered":"\u201cJ\u00f3venes que Transforman\u201d inyecta esperanza en las comunidades"},"content":{"rendered":"<p>En un ejemplar ejercicio de responsabilidad social, desarrollo del capital humano y compromiso comunitario se enmarca el proyecto \u201cJ\u00f3venes que Transforman\u201d en pro de la formaci\u00f3n de l\u00edderes a trav\u00e9s de experiencias de aprendizaje significativo, que provean de herramientas a las generaciones de relevo para diseminar el sentido de solidaridad que empodere a los j\u00f3venes con la instrucci\u00f3n requerida para resolver los problemas.<\/p>\n<p>Yelitza Querales, coordinadora general del proyecto destac\u00f3 la importancia de que los ciudadanos en formaci\u00f3n reconozcan la capacidad de transformaci\u00f3n de la realidad que pueden desarrollar con el florecer de sus aptitudes asegurando que \u201cla falta de orientaci\u00f3n y un proyecto indefinido de vida influye de manera determinante en el avance de una localidad\u201d<\/p>\n<p>Inform\u00f3 que gracias a la cooperaci\u00f3n de un gran equipo 63 j\u00f3venes captados por la Asociaci\u00f3n Civil Iglesia Solidaria, ACIS, en el municipio Revenga, parroquia Nuestra Se\u00f1ora del Buen Consejo, fueron participantes de m\u00f3dulos de instrucci\u00f3n en un programa de 6 meses de duraci\u00f3n en los que se impartieron conocimientos sobre liderazgo social, organizaci\u00f3n y planificaci\u00f3n, animaci\u00f3n, integraci\u00f3n, gesti\u00f3n de equipos de trabajo y tem\u00e1ticas sobre el fortalecimiento personal.<\/p>\n<p>En cuanto a la escogencia de la parroquia de El Consejo como centro piloto, Olduer Gonz\u00e1lez, coordinador de formaci\u00f3n para el liderazgo juvenil dijo que las organizaciones involucradas buscan penetrar espacios que est\u00e1n catalogados como zonas de riesgo, con alto \u00edndice de violencia y peligrosidad, asumiendo el reto de reorientar personalidades negativas influyentes en su entorno y transformarlas en liderazgos positivos con robusto sentido social y de ejercicio colaborativo, apostando por las potencialidades de los j\u00f3venes arag\u00fce\u00f1os.<\/p>\n<p>Los participantes en el programa presentaron proyectos orientados al rescate del sentido de pertenencia como el proyecto \u201cChaguaramo\u201d para la reivindicaci\u00f3n de la cultura local, proyecto \u201cEcoturismo\u201d dirigido a la creaci\u00f3n de una ruta tur\u00edstica que muestre las bondades y patrimonio de la parroquia, proyecto \u201cSembrando Futuro\u201d promoci\u00f3n de valores por medio del deporte, proyecto \u201cIntegraci\u00f3n Familiar\u201d para restituir el valor del n\u00facleo de la sociedad como base fundamental para el desarrollo de la ni\u00f1ez y #BuscaTuOficio una herramienta para el emprendimiento.<\/p>\n<p>Por su parte el responsable de uno de los ejes fundamentales del proyecto como lo es formaci\u00f3n comunitaria, Ram\u00f3n Reyes, puntualiz\u00f3 que cada propuesta de los muchachos plasma una soluci\u00f3n viable para dar respuesta a un problema con el que coexisten diariamente, y que solo ellos con la orientaci\u00f3n correcta, hoy est\u00e1n en capacidad de implementar un cambio sustancial para mejorar su espacio de convivencia, imprimiendo motivaci\u00f3n.<\/p>\n<p>El programa \u201cJ\u00f3venes que Transforman\u201d ha enrumbado muchos caminos y sobre todo se convierte en una referencia a seguir de lo que se puede construir en conjunto para la fortuna de toda la sociedad venezolana, incentivando los valores y promoviendo un engranaje perfecto para el beneficio com\u00fan.<\/p>\n","protected":false},"excerpt":{"rendered":"<p>En un ejemplar ejercicio de responsabilidad social, desarrollo del capital humano y compromiso comunitario se enmarca el proyecto \u201cJ\u00f3venes que Transforman\u201d en pro de la formaci\u00f3n de l\u00edderes a trav\u00e9s de experiencias de aprendizaje significativo, que provean de herramientas a las generaciones de relevo para diseminar el sentido de solidaridad que empodere a los j\u00f3venes [&hellip;]<\/p>\n","protected":false},"author":2,"featured_media":2319,"comment_status":"closed","ping_status":"open","sticky":false,"template":"","format":"standard","meta":[],"categories":[937,126,2],"tags":[939,941,944,945,938,942,940,943],"wppr_data":[],"_links":{"self":[{"href":"https:\/\/www.notaoficial.com\/s\/wp-json\/wp\/v2\/posts\/2318"}],"collection":[{"href":"https:\/\/www.notaoficial.com\/s\/wp-json\/wp\/v2\/posts"}],"about":[{"href":"https:\/\/www.notaoficial.com\/s\/wp-json\/wp\/v2\/types\/post"}],"author":[{"embeddable":true,"href":"https:\/\/www.notaoficial.com\/s\/wp-json\/wp\/v2\/users\/2"}],"replies":[{"embeddable":true,"href":"https:\/\/www.notaoficial.com\/s\/wp-json\/wp\/v2\/comments?post=2318"}],"version-history":[{"count":1,"href":"https:\/\/www.notaoficial.com\/s\/wp-json\/wp\/v2\/posts\/2318\/revisions"}],"predecessor-version":[{"id":2320,"href":"https:\/\/www.notaoficial.com\/s\/wp-json\/wp\/v2\/posts\/2318\/revisions\/2320"}],"wp:featuredmedia":[{"embeddable":true,"href":"https:\/\/www.notaoficial.com\/s\/wp-json\/wp\/v2\/media\/2319"}],"wp:attachment":[{"href":"https:\/\/www.notaoficial.com\/s\/wp-json\/wp\/v2\/media?parent=2318"}],"wp:term":[{"taxonomy":"category","embeddable":true,"href":"https:\/\/www.notaoficial.com\/s\/wp-json\/wp\/v2\/categories?post=2318"},{"taxonomy":"post_tag","embeddable":true,"href":"https:\/\/www.notaoficial.com\/s\/wp-json\/wp\/v2\/tags?post=2318"}],"curies":[{"name":"wp","href":"https:\/\/api.w.org\/{rel}","templated":true}]}}