{"id":23188,"date":"2024-07-18T23:07:54","date_gmt":"2024-07-19T03:07:54","guid":{"rendered":"https:\/\/www.notaoficial.com\/s\/?p=23188"},"modified":"2024-07-18T23:07:54","modified_gmt":"2024-07-19T03:07:54","slug":"fernandito-rentas-lanza-su-nueva-produccion-paquetero","status":"publish","type":"post","link":"https:\/\/www.notaoficial.com\/s\/2024\/07\/18\/fernandito-rentas-lanza-su-nueva-produccion-paquetero\/","title":{"rendered":"Fernandito Rentas lanza su nueva producci\u00f3n \u201cPaquetero\u201d"},"content":{"rendered":"<div class=\"m_2347260373225886564module\" dir=\"ltr\">\n<p align=\"justify\"><strong>Fernandito Rentas<\/strong>, el carism\u00e1tico cantante ponce\u00f1o, est\u00e1 de regreso en el escenario musical con su m\u00e1s reciente sencillo: <strong>\u201cPaquetero\u201d<\/strong>. Esta canci\u00f3n, cargada de alegr\u00eda y sabor, promete convertirse en un \u00e9xito que har\u00e1 vibrar a los amantes de la salsa en todo el mundo.<\/p>\n<p align=\"justify\">Detalles del tema:<\/p>\n<p align=\"justify\"><strong>Compositor y Arreglo Musical:<\/strong> El legendario trombonista venezolano, el Maestro C\u00e9sar Monges (tambi\u00e9n conocido como \u201cAlb\u00f3ndiga\u201d), ha aportado su genialidad a la composici\u00f3n y los arreglos de <strong>\u201cPaquetero\u201d<\/strong>. Su vasta experiencia y estilo \u00fanico se reflejan en cada nota, creando una fusi\u00f3n perfecta entre lo tradicional y lo contempor\u00e1neo.<\/p>\n<p align=\"justify\"><strong>Swing \u00danico y Sabroso:<\/strong> \u201cPaquetero\u201d es una canci\u00f3n jocosa y divertida que te har\u00e1 mover los pies al ritmo de su contagioso swing. La combinaci\u00f3n de instrumentos y la interpretaci\u00f3n vocal de Fernandito Rentas crean un sonido fresco y aut\u00e9ntico que invita a la pista de baile.<\/p>\n<p align=\"justify\"><strong>Dedicado a los Amantes de la Salsa:<\/strong> Con cari\u00f1o y respeto, Fernandito Rentas dedica \u201cPaquetero\u201d a todos los hermanos y hermanas salseros en la bella Venezuela y a quienes aprecian este g\u00e9nero musical tan querido. La canci\u00f3n celebra la pasi\u00f3n por la salsa y la conexi\u00f3n que esta m\u00fasica crea entre las personas.<\/p>\n<p align=\"justify\">El maestro Robert Requena, reconocido productor musical, ha sido el art\u00edfice detr\u00e1s de la producci\u00f3n de <strong>\u201cPaquetero\u201d<\/strong>. Desde la vibrante ciudad de Medell\u00edn, Colombia, ha logrado capturar la esencia y la energ\u00eda de este tema, asegurando que cada nota sea una invitaci\u00f3n a la diversi\u00f3n.<\/p>\n<p align=\"justify\">A partir del 28 de junio de 2024, podr\u00e1s disfrutar de <strong>\u201cPaquetero\u201d<\/strong> en Spotify, Apple Music, YouTube y otras plataformas. No te pierdas esta joya musical que promete poner a todos a bailar: <a href=\"https:\/\/email.cloud2.secureclick.net\/c\/2102?id=727164.4926.1.62d84b8af57e4468b9baac4822d4cf19\" target=\"_blank\" rel=\"noopener\" data-saferedirecturl=\"https:\/\/www.google.com\/url?q=https:\/\/email.cloud2.secureclick.net\/c\/2102?id%3D727164.4926.1.62d84b8af57e4468b9baac4822d4cf19&amp;source=gmail&amp;ust=1721444576072000&amp;usg=AOvVaw1dxwdF6Ww6abqQciiI3MJg\">https:\/\/youtu.be\/fZHodKTZAYI?<wbr \/>si=9vAQiP-QGTC3rFw7<\/a><\/p>\n<\/div>\n","protected":false},"excerpt":{"rendered":"<p>Fernandito Rentas, el carism\u00e1tico cantante ponce\u00f1o, est\u00e1 de regreso en el escenario musical con su m\u00e1s reciente sencillo: \u201cPaquetero\u201d. Esta canci\u00f3n, cargada de alegr\u00eda y sabor, promete convertirse en un \u00e9xito que har\u00e1 vibrar a los amantes de la salsa en todo el mundo. Detalles del tema: Compositor y Arreglo Musical: El legendario trombonista venezolano, [&hellip;]<\/p>\n","protected":false},"author":2,"featured_media":23189,"comment_status":"closed","ping_status":"open","sticky":false,"template":"","format":"standard","meta":[],"categories":[93,463,146],"tags":[1176,9947],"wppr_data":{"cwp_meta_box_check":"No"},"_links":{"self":[{"href":"https:\/\/www.notaoficial.com\/s\/wp-json\/wp\/v2\/posts\/23188"}],"collection":[{"href":"https:\/\/www.notaoficial.com\/s\/wp-json\/wp\/v2\/posts"}],"about":[{"href":"https:\/\/www.notaoficial.com\/s\/wp-json\/wp\/v2\/types\/post"}],"author":[{"embeddable":true,"href":"https:\/\/www.notaoficial.com\/s\/wp-json\/wp\/v2\/users\/2"}],"replies":[{"embeddable":true,"href":"https:\/\/www.notaoficial.com\/s\/wp-json\/wp\/v2\/comments?post=23188"}],"version-history":[{"count":1,"href":"https:\/\/www.notaoficial.com\/s\/wp-json\/wp\/v2\/posts\/23188\/revisions"}],"predecessor-version":[{"id":23190,"href":"https:\/\/www.notaoficial.com\/s\/wp-json\/wp\/v2\/posts\/23188\/revisions\/23190"}],"wp:featuredmedia":[{"embeddable":true,"href":"https:\/\/www.notaoficial.com\/s\/wp-json\/wp\/v2\/media\/23189"}],"wp:attachment":[{"href":"https:\/\/www.notaoficial.com\/s\/wp-json\/wp\/v2\/media?parent=23188"}],"wp:term":[{"taxonomy":"category","embeddable":true,"href":"https:\/\/www.notaoficial.com\/s\/wp-json\/wp\/v2\/categories?post=23188"},{"taxonomy":"post_tag","embeddable":true,"href":"https:\/\/www.notaoficial.com\/s\/wp-json\/wp\/v2\/tags?post=23188"}],"curies":[{"name":"wp","href":"https:\/\/api.w.org\/{rel}","templated":true}]}}