{"id":2324,"date":"2018-07-22T17:36:05","date_gmt":"2018-07-22T21:36:05","guid":{"rendered":"http:\/\/www.notaoficial.com\/s\/?p=2324"},"modified":"2018-07-22T15:45:36","modified_gmt":"2018-07-22T19:45:36","slug":"alianza-francesa-presenta-las-metaforas-del-paisaje","status":"publish","type":"post","link":"https:\/\/www.notaoficial.com\/s\/2018\/07\/22\/alianza-francesa-presenta-las-metaforas-del-paisaje\/","title":{"rendered":"Alianza Francesa presenta las \u00abMet\u00e1foras del Paisaje\u00bb"},"content":{"rendered":"<p>Con el fin de promover el arte como mecanismo de fortalecimiento e intercambio de cultura entre Venezuela y Francia, la Alianza Francesa de Las Mercedes ofrece la exposici\u00f3n \u201cMet\u00e1foras del paisaje\u201d, de la escultora Mar\u00eda Mercedes Alvarado, conocida en el medio art\u00edstico como Apamaire Matiz.<\/p>\n<p>Esta muestra individual, que fue inaugurada el 12 de julio, re\u00fane cerca de 30 obras en relieve de mediano formato con el uso de varias t\u00e9cnicas. Alvarado indic\u00f3 que hay \u201crelieves escult\u00f3ricos, usando la t\u00e9cnica de ensamblaje, usando materiales como tela, cer\u00e1mica, resina, madera y elementos de bronce y hierro\u201d.<\/p>\n<p>\u201cTambi\u00e9n hay pinturas en acuarela, acr\u00edlico y crey\u00f3n, as\u00ed como fotos intervenidas digitalmente, tomadas de fragmentos de piezas escult\u00f3ricas, que ser\u00e1n transmitidas por un televisor\u201d, manifest\u00f3.<\/p>\n<p>La muestra de la artista estar\u00e1 abierta al p\u00fablico hasta el 20 de septiembre de 2018, en el horario comprendido de lunes a viernes de 8:00 am a 8:00 pm.<\/p>\n<p>Alvarado, nacida en Caracas, es una artista integral que realiz\u00f3 estudios de arquitectura en la Universidad Central de Venezuela (UCV) y de artes pl\u00e1sticas en la Escuela Armando Rever\u00f3n.<\/p>\n<p>Actualmente se especializa en el uso medios digitales como ilustraci\u00f3n, animaci\u00f3n, y fotograf\u00eda. En su obra pl\u00e1stica se encuentran presente conceptos como la ingravidez, el paisaje, la poes\u00eda, el happenig, las enso\u00f1aciones, lo on\u00edrico, el color, el estudio de la textura y la transparencia.<\/p>\n<p>Inter\u00e9s en la Naturaleza<\/p>\n<p>Alvarado indic\u00f3 que su inter\u00e9s en la tem\u00e1tica alrededor de la Naturaleza \u201cnaci\u00f3 durante mis estudios en la Rever\u00f3n y lo he venido trabajando desde hace 4 a\u00f1os\u201d. Resalt\u00f3 que le interesa lo natural desde el paisaje: \u201cquiero trabajar en torno a la belleza inspiradora de la Naturaleza, pero sin imitarla\u201d.<\/p>\n<p>Se\u00f1al\u00f3 que la exposici\u00f3n tiene como escenario la Alianza Francesa, porque \u201csoy una de sus estudiantes y decid\u00ed tomar la iniciativa de presentarles el proyecto de la exposici\u00f3n a sus autoridades y les agrad\u00f3\u201d.<\/p>\n<p>\u201cAsimismo, la lengua francesa me acerc\u00f3 al Noveau art, con el cual tengo v\u00ednculos est\u00e9ticos\u201d, expres\u00f3 la artista.<\/p>\n<p>Se\u00f1al\u00f3 que \u201cel espacio de Las Mercedes es intimo, tranquilo y agradable. En esa sede empec\u00e9 mis estudios de franc\u00e9s. La Alianza Francesa es un centro de escape, un gran apoyo cultural y un lugar donde los estudiantes pueden compartir\u201d, asever\u00f3.<\/p>\n<p>Alvarado agreg\u00f3 que actualmente tambi\u00e9n participa en una exposici\u00f3n colectiva titulada \u201cDe vuelta al oficio\u201d, que re\u00fane obras escult\u00f3ricas de 18 j\u00f3venes artistas pl\u00e1sticos del pa\u00eds.<\/p>\n<p>\u201cEsta muestra es en honor al maestro Guillermo Abdala (1947-2013), quien fue uno de mis profesores y del escultor Santiago Fauqui\u00e9 (1983-2015), conocido como \u201cDon Plin\u201d. Arranc\u00f3 el 11 de mayo y estar\u00e1 abierta al p\u00fablico hasta finales de agosto\u201d, remat\u00f3.<\/p>\n<p>Para conocer m\u00e1s detalles sobre los eventos y planes educativos, puede ingresar a la p\u00e1gina oficial de la Alianza Francesa http:\/\/caracas.afvenezuela.org\/.Tambi\u00e9n pueden seguirlos a trav\u00e9s de sus cuentas oficiales en Instagram @afvenezuela, Twitter @afvenezuela y Facebook Alianza Francesa Venezuela.<\/p>\n","protected":false},"excerpt":{"rendered":"<p>Con el fin de promover el arte como mecanismo de fortalecimiento e intercambio de cultura entre Venezuela y Francia, la Alianza Francesa de Las Mercedes ofrece la exposici\u00f3n \u201cMet\u00e1foras del paisaje\u201d, de la escultora Mar\u00eda Mercedes Alvarado, conocida en el medio art\u00edstico como Apamaire Matiz. Esta muestra individual, que fue inaugurada el 12 de julio, [&hellip;]<\/p>\n","protected":false},"author":2,"featured_media":2325,"comment_status":"closed","ping_status":"open","sticky":false,"template":"","format":"standard","meta":[],"categories":[463,2],"tags":[861,954,956,953,955,235,213,15],"wppr_data":[],"_links":{"self":[{"href":"https:\/\/www.notaoficial.com\/s\/wp-json\/wp\/v2\/posts\/2324"}],"collection":[{"href":"https:\/\/www.notaoficial.com\/s\/wp-json\/wp\/v2\/posts"}],"about":[{"href":"https:\/\/www.notaoficial.com\/s\/wp-json\/wp\/v2\/types\/post"}],"author":[{"embeddable":true,"href":"https:\/\/www.notaoficial.com\/s\/wp-json\/wp\/v2\/users\/2"}],"replies":[{"embeddable":true,"href":"https:\/\/www.notaoficial.com\/s\/wp-json\/wp\/v2\/comments?post=2324"}],"version-history":[{"count":1,"href":"https:\/\/www.notaoficial.com\/s\/wp-json\/wp\/v2\/posts\/2324\/revisions"}],"predecessor-version":[{"id":2326,"href":"https:\/\/www.notaoficial.com\/s\/wp-json\/wp\/v2\/posts\/2324\/revisions\/2326"}],"wp:featuredmedia":[{"embeddable":true,"href":"https:\/\/www.notaoficial.com\/s\/wp-json\/wp\/v2\/media\/2325"}],"wp:attachment":[{"href":"https:\/\/www.notaoficial.com\/s\/wp-json\/wp\/v2\/media?parent=2324"}],"wp:term":[{"taxonomy":"category","embeddable":true,"href":"https:\/\/www.notaoficial.com\/s\/wp-json\/wp\/v2\/categories?post=2324"},{"taxonomy":"post_tag","embeddable":true,"href":"https:\/\/www.notaoficial.com\/s\/wp-json\/wp\/v2\/tags?post=2324"}],"curies":[{"name":"wp","href":"https:\/\/api.w.org\/{rel}","templated":true}]}}