{"id":23251,"date":"2024-07-22T23:34:29","date_gmt":"2024-07-23T03:34:29","guid":{"rendered":"https:\/\/www.notaoficial.com\/s\/?p=23251"},"modified":"2024-07-22T23:34:29","modified_gmt":"2024-07-23T03:34:29","slug":"el-artista-viral-cris-valencia-estrena-ya-no-volveras","status":"publish","type":"post","link":"https:\/\/www.notaoficial.com\/s\/2024\/07\/22\/el-artista-viral-cris-valencia-estrena-ya-no-volveras\/","title":{"rendered":"El artista viral Cris Valencia estrena \u201cYa No Volver\u00e1s\u201d"},"content":{"rendered":"<div class=\"gmail_default\">El talentoso cantante y compositor colombiano\u00a0<b>Cris Valencia<\/b>\u00a0@soycrisvalencia, ha lanzado su esperado nuevo sencillo titulado\u00a0<b>\u00abYa no volver\u00e1s\u00bb<\/b>. Esta canci\u00f3n escrita por Westcol y El High promete cautivar a los oyentes con su emotividad y ya cuenta con m\u00e1s de 1 mill\u00f3n de vistas en su video oficial.<\/p>\n<p>\u00abYa no volver\u00e1s\u00bb es una poderosa canci\u00f3n urbana que aborda el tema de la superaci\u00f3n de una relaci\u00f3n fallida. Cris expresa el dolor y el proceso de sanaci\u00f3n tras una ruptura amorosa. La canci\u00f3n combina elementos de reguet\u00f3n y trap, creando una atm\u00f3sfera melanc\u00f3lica pero r\u00edtmica que resuena con el p\u00fablico.<\/p>\n<p>\u00abEsta canci\u00f3n es muy personal para m\u00ed. Quise transmitir la realidad de lo que muchos sentimos al enfrentarnos a una despedida inesperada. Espero que quienes escuchen este tema, encuentren en ella una compa\u00f1\u00eda y un consuelo\u00bb, coment\u00f3 Cris Valencia.<\/p>\n<p>El lanzamiento de \u00abYa no volver\u00e1s\u00bb viene acompa\u00f1ado de un video musical dirigido por Ricardo Angulo y se encuentra disponible en Youtube. Mientras que la producci\u00f3n de la canci\u00f3n estuvo a cargo de El High, quien ha trabajado meticulosamente para asegurar que cada detalle de la canci\u00f3n refleje la visi\u00f3n art\u00edstica de Cris Valencia.<\/p>\n<p>Cris Valencia comenz\u00f3 su carrera musical haciendo covers en TikTok, donde su talento fue descubierto por Westcol, quien ahora apoya su carrera art\u00edstica, el creador de contenido vio su publicaci\u00f3n en una transmisi\u00f3n en vivo y decidi\u00f3 invitarlo a grabar con \u00e9l. Gracias a esta colaboraci\u00f3n, Cris ha logrado un impresionante impacto en el mundo de la m\u00fasica.<span style=\"color: #888888;\"><br clear=\"all\" \/><\/span><\/div>\n<div><\/div>\n","protected":false},"excerpt":{"rendered":"<p>El talentoso cantante y compositor colombiano\u00a0Cris Valencia\u00a0@soycrisvalencia, ha lanzado su esperado nuevo sencillo titulado\u00a0\u00abYa no volver\u00e1s\u00bb. Esta canci\u00f3n escrita por Westcol y El High promete cautivar a los oyentes con su emotividad y ya cuenta con m\u00e1s de 1 mill\u00f3n de vistas en su video oficial. \u00abYa no volver\u00e1s\u00bb es una poderosa canci\u00f3n urbana que [&hellip;]<\/p>\n","protected":false},"author":2,"featured_media":23252,"comment_status":"closed","ping_status":"open","sticky":false,"template":"","format":"standard","meta":[],"categories":[93,146],"tags":[1371],"wppr_data":{"cwp_meta_box_check":"No"},"_links":{"self":[{"href":"https:\/\/www.notaoficial.com\/s\/wp-json\/wp\/v2\/posts\/23251"}],"collection":[{"href":"https:\/\/www.notaoficial.com\/s\/wp-json\/wp\/v2\/posts"}],"about":[{"href":"https:\/\/www.notaoficial.com\/s\/wp-json\/wp\/v2\/types\/post"}],"author":[{"embeddable":true,"href":"https:\/\/www.notaoficial.com\/s\/wp-json\/wp\/v2\/users\/2"}],"replies":[{"embeddable":true,"href":"https:\/\/www.notaoficial.com\/s\/wp-json\/wp\/v2\/comments?post=23251"}],"version-history":[{"count":1,"href":"https:\/\/www.notaoficial.com\/s\/wp-json\/wp\/v2\/posts\/23251\/revisions"}],"predecessor-version":[{"id":23253,"href":"https:\/\/www.notaoficial.com\/s\/wp-json\/wp\/v2\/posts\/23251\/revisions\/23253"}],"wp:featuredmedia":[{"embeddable":true,"href":"https:\/\/www.notaoficial.com\/s\/wp-json\/wp\/v2\/media\/23252"}],"wp:attachment":[{"href":"https:\/\/www.notaoficial.com\/s\/wp-json\/wp\/v2\/media?parent=23251"}],"wp:term":[{"taxonomy":"category","embeddable":true,"href":"https:\/\/www.notaoficial.com\/s\/wp-json\/wp\/v2\/categories?post=23251"},{"taxonomy":"post_tag","embeddable":true,"href":"https:\/\/www.notaoficial.com\/s\/wp-json\/wp\/v2\/tags?post=23251"}],"curies":[{"name":"wp","href":"https:\/\/api.w.org\/{rel}","templated":true}]}}