{"id":2330,"date":"2018-07-22T21:00:17","date_gmt":"2018-07-23T01:00:17","guid":{"rendered":"http:\/\/www.notaoficial.com\/s\/?p=2330"},"modified":"2018-07-22T20:42:08","modified_gmt":"2018-07-23T00:42:08","slug":"superficies-alteradas-de-yoshi-toman-los-espacios-de-cerquone-projects","status":"publish","type":"post","link":"https:\/\/www.notaoficial.com\/s\/2018\/07\/22\/superficies-alteradas-de-yoshi-toman-los-espacios-de-cerquone-projects\/","title":{"rendered":"Superficies Alteradas de Yoshi  toman los espacios de Cerquone Projects"},"content":{"rendered":"<p>M\u00e1s de 20 obras en mediano y gran formato, realizadas por el artista pl\u00e1stico venezolano Yoshi durante los \u00faltimos siete a\u00f1os, conforman la exposici\u00f3n \u201cSuperficies Alteradas\u201d, que se inaugurar\u00e1 el s\u00e1bado 21 de julio de 2018 a las 5:00 pm en los espacios de Cerquone Projects, en La Castellana, bajo la curadur\u00eda de Lorena Gonz\u00e1lez Inneco y museograf\u00eda de Jean Nouel.<\/p>\n<p>La muestra \u2013que podr\u00e1 ser visitada hasta finales de agosto- re\u00fane siete importantes cuerpos de trabajo desarrollados por Yoshi, donde infinitos tipos y gramajes de papeles se han visto manipulados y modelados por las distintas emulsiones qu\u00edmicas y los materiales industriales que el artista inserta para profundizar en nuevas estructuras y cualidades, seg\u00fan escribe la curadora en el texto que acompa\u00f1a la muestra.<\/p>\n<p>De acuerdo a Gonz\u00e1lez Inneco, el n\u00facleo principal de trabajo e investigaci\u00f3n de Yoshi ha sido transformar el pliegue en una dimensi\u00f3n in\u00e9dita de elaboraci\u00f3n, cuyo punto crucial y de apoyo parte desde el trabajo sobre papel, material que se transforma en una unidad en s\u00ed misma, \u201ccapaz de crear una percepci\u00f3n distinta y particular del dibujo, la pintura y la escultura. El pliegue es en este caso el surco insistente del que se vale para movilizarlo, trazo \u00fanico que el artista logra a trav\u00e9s de la manipulaci\u00f3n especial de peque\u00f1os bocetos que se transponen desde el papel como soporte y materia que emulsiona en el espacio museogr\u00e1fico, detonando el cruce de intervenciones de gran formato que se consolidan con una fuerza a un tiempo flexible y expansiva en la amplitud perceptiva del espectador\u201d.<\/p>\n<p>Y es que el papel fue el primer medio de comunicaci\u00f3n y la primera materia con la que se entendi\u00f3 desde ni\u00f1o a trav\u00e9s del origami y su factor l\u00fadico, para m\u00e1s adelante convertirse en el soporte creativo de su trabajo y en la imagen que necesitaba personalmente, seg\u00fan afirma el propio artista.<\/p>\n<p>\u201cEl papel me permiti\u00f3 crear un lenguaje hablando desde lo primitivo de mi ni\u00f1ez para expresar emociones, para descubrir la noci\u00f3n de cuerpo, de forma, tama\u00f1o, color y asuntos m\u00e1s complejos como las relaciones espaciales y la idea abstracta de la identidad como emocionalidad (\u2026) El origami se basa en patrones repetitivos absolutamente sim\u00e9tricos, a partir de l\u00edneas dejadas, adem\u00e1s, por una impronta, por la huella de un doblez que hubo que hacer para transformar un cuadrado en una pieza tridimensional\u201d, dice Yoshi.<\/p>\n<p>Despu\u00e9s de casi una d\u00e9cada sin exponer, este artista exhibe sus \u00faltimos trabajos en la muestra \u201cSuperficies Alteradas\u201d, donde, a juicio de la curadora, \u201cno s\u00f3lo ha desplegado el uso del color como un nuevo elemento de elaboraci\u00f3n, sino que ha abierto con mayor fuerza un \u00e1ngulo especial, dimensi\u00f3n en la cual el artista confiesa lo que ya el papel ven\u00eda diciendo por s\u00ed mismo: la conexi\u00f3n directa con el cuerpo, con su propio cuerpo como punto rec\u00f3ndito de una estrategia que se va revelando en cada pliegue, en cada trazo, en cada relato de estos grupos de obras que est\u00e1n en el espacio\u201d.<\/p>\n<p>La obra de Yoshi podr\u00e1 ser apreciada a trav\u00e9s de la exposici\u00f3n \u201cSuperficies Alteradas\u201d, que se estar\u00e1 presentando del 21 de julio al 31de agosto de 2018, en los espacios de la galer\u00eda Cerquone Projects, ubicada en la avenida San Felipe de La Castellana, quinta 117, Caracas. La entrada es libre.<\/p>\n","protected":false},"excerpt":{"rendered":"<p>M\u00e1s de 20 obras en mediano y gran formato, realizadas por el artista pl\u00e1stico venezolano Yoshi durante los \u00faltimos siete a\u00f1os, conforman la exposici\u00f3n \u201cSuperficies Alteradas\u201d, que se inaugurar\u00e1 el s\u00e1bado 21 de julio de 2018 a las 5:00 pm en los espacios de Cerquone Projects, en La Castellana, bajo la curadur\u00eda de Lorena Gonz\u00e1lez [&hellip;]<\/p>\n","protected":false},"author":2,"featured_media":2331,"comment_status":"closed","ping_status":"open","sticky":false,"template":"","format":"standard","meta":[],"categories":[463,2],"tags":[49,959,962,961,386,960,430,958],"wppr_data":[],"_links":{"self":[{"href":"https:\/\/www.notaoficial.com\/s\/wp-json\/wp\/v2\/posts\/2330"}],"collection":[{"href":"https:\/\/www.notaoficial.com\/s\/wp-json\/wp\/v2\/posts"}],"about":[{"href":"https:\/\/www.notaoficial.com\/s\/wp-json\/wp\/v2\/types\/post"}],"author":[{"embeddable":true,"href":"https:\/\/www.notaoficial.com\/s\/wp-json\/wp\/v2\/users\/2"}],"replies":[{"embeddable":true,"href":"https:\/\/www.notaoficial.com\/s\/wp-json\/wp\/v2\/comments?post=2330"}],"version-history":[{"count":1,"href":"https:\/\/www.notaoficial.com\/s\/wp-json\/wp\/v2\/posts\/2330\/revisions"}],"predecessor-version":[{"id":2332,"href":"https:\/\/www.notaoficial.com\/s\/wp-json\/wp\/v2\/posts\/2330\/revisions\/2332"}],"wp:featuredmedia":[{"embeddable":true,"href":"https:\/\/www.notaoficial.com\/s\/wp-json\/wp\/v2\/media\/2331"}],"wp:attachment":[{"href":"https:\/\/www.notaoficial.com\/s\/wp-json\/wp\/v2\/media?parent=2330"}],"wp:term":[{"taxonomy":"category","embeddable":true,"href":"https:\/\/www.notaoficial.com\/s\/wp-json\/wp\/v2\/categories?post=2330"},{"taxonomy":"post_tag","embeddable":true,"href":"https:\/\/www.notaoficial.com\/s\/wp-json\/wp\/v2\/tags?post=2330"}],"curies":[{"name":"wp","href":"https:\/\/api.w.org\/{rel}","templated":true}]}}