{"id":23382,"date":"2024-07-30T23:38:58","date_gmt":"2024-07-31T03:38:58","guid":{"rendered":"https:\/\/www.notaoficial.com\/s\/?p=23382"},"modified":"2024-07-30T23:38:58","modified_gmt":"2024-07-31T03:38:58","slug":"the-home-depot-y-sus-proveedores-unen-esfuerzos-para-apoyar-la-reconstruccion-de-acapulco","status":"publish","type":"post","link":"https:\/\/www.notaoficial.com\/s\/2024\/07\/30\/the-home-depot-y-sus-proveedores-unen-esfuerzos-para-apoyar-la-reconstruccion-de-acapulco\/","title":{"rendered":"The Home Depot y sus proveedores unen esfuerzos para apoyar la reconstrucci\u00f3n de Acapulco"},"content":{"rendered":"<div class=\"elementor-element elementor-element-713f0f68 elementor-widget elementor-widget-theme-post-content\" data-id=\"713f0f68\" data-element_type=\"widget\" data-widget_type=\"theme-post-content.default\">\n<div class=\"elementor-widget-container\">\n<p>Con la iniciativa \u201cUnidos por una misma causa\u201d, The Home Depot contin\u00faa apoyando la recuperaci\u00f3n del estado de Guerrero, que fue afectada por el Hurac\u00e1n Otis. Ahora suma a 32 de sus proveedores y donan $5.1 MDP destinados a la construcci\u00f3n de 40 viviendas en Acapulco que mejorar\u00e1n la vida de 200 habitantes.<\/p>\n<p>\u00c9stas son edificadas por la organizaci\u00f3n TECHO, otro de los aliados estrat\u00e9gicos de The Home Depot, que, bajo el esquema shelter o \u201crefugio temporal\u201d, levanta espacios dignos de 18m<sup>2<\/sup>, salvaguardando la integridad de sus habitantes y brindando seguridad, adem\u00e1s de los servicios b\u00e1sicos como el acceso inmediato a agua por medio de un sistema de capacitaci\u00f3n pluvial.<\/p>\n<p><em>\u201cEstamos muy agradecidos con nuestros proveedores por su gran generosidad y sumarse de manera voluntaria a esta iniciativa para apoyar a familias que fueron afectadas por el hurac\u00e1n Otis en Guerrero. Duplicamos cada peso que donaron a la Fundaci\u00f3n de The Home Depot en M\u00e9xico y todo lo recaudado se destin\u00f3 de manera \u00edntegra a Techo para que pueda construir 40 viviendas aproximadamente. Estamos convencidos de que trabajando juntos, hacemos m\u00e1s por M\u00e9xico\u201d, se\u00f1al\u00f3<\/em> Erika D\u00edaz, vicepresidenta de Online, Marketing y Relaciones P\u00fablicas de The Home Depot M\u00e9xico.<\/p>\n<p>Sobre este esfuerzo, Ana Paola Abimerhi, Directora Nacional de Alianzas Estrat\u00e9gicas de TECHO M\u00e9xico, a\u00f1adi\u00f3: <em>\u201c\u00a1Muchas gracias por este gran apoyo! Muchas familias no solo perdieron una casa o sus pertenencias, sino que perdieron el lugar donde se sent\u00edan seguros, y gracias a toda la familia que integra The Home Depot y sus proveedores, van a recuperar su hogar y todo lo que representa para ellos<\/em>\u201d.<\/p>\n<p>Con ayuda de sus proveedores<\/p>\n<p>Los proveedores que se sumaron a la campa\u00f1a son: Samsung, Behr, Henkel, EB T\u00e9cnica, Koblenz, Mabe, MBA Muebles, Teka, Whirlpool, Ledvance, Womex, Reynera, Sayer, Moen, Rugo, Edsal, Home Textile, Dib, Sika, Assa Abloy, Chapa Industrias, Spectrum Brands, Truper, Agroformuladora Delta, ByP, Plastic Trends, Terza, Antarix, WD40, Brunnen, Polycar y Nutrigarden.<\/p>\n<p>Las viviendas ser\u00e1n construidas gracias al trabajo de <a href=\"https:\/\/mexico.techo.org\/\" target=\"_blank\" rel=\"noopener\">voluntarios de TECHO<\/a>, que es una organizaci\u00f3n sin fines de lucro que moviliza j\u00f3venes voluntarios para luchar contra la pobreza extrema en M\u00e9xico y Am\u00e9rica Latina, mediante la construcci\u00f3n de viviendas y la implementaci\u00f3n de programas de inclusi\u00f3n social.<\/p>\n<p>Este apoyo se suma a <a href=\"https:\/\/newsroom.homedepot.com.mx\/2023\/11\/10\/the-home-depot-apoya-guerrero\/\">una serie de iniciativas<\/a> que The Home Depot ha implementado para apoyar al estado de Guerrero, tras el paso del hurac\u00e1n Otis. Esto incluye el donativo de $2 MDP que se destinaron de forma \u00edntegra a la Cruz Roja mexicana con el fin de apoyar sus labores de asistencia y ayuda a la comunidad. Esto fue gracias a la Colecta que realiz\u00f3 en sus tiendas de todo el pa\u00eds, en el que tambi\u00e9n duplic\u00f3 cada peso que sus clientes donaron.<\/p>\n<p>Asimismo, la empresa habilit\u00f3 44 de sus tiendas como centros de acopio y con ello coordin\u00f3 el env\u00edo de m\u00e1s de 25 mil v\u00edveres para la comunidad de Acapulco. Tambi\u00e9n apoy\u00f3 a 170 asociadas y asociados, y sus familias, cuyas viviendas se vieron afectadas.<\/p>\n<p><em>\u201cEn The Home Depot estamos muy orgullosos del esfuerzo que cada uno de nuestros asociados y asociadas dedica cuando se trata de aportar a las comunidades. A este esfuerzo se han sumado nuestros clientes, por lo que queremos agradecerles, as\u00ed como a nuestros proveedores quienes a\u00f1o a a\u00f1o participan para contribuir en el bienestar de las familias m\u00e1s vulnerables\u201d, <\/em>se\u00f1al\u00f3 Erika D\u00edaz.<\/p>\n<p>Con acciones como estas, la empresa del mandil naranja contin\u00faa devolviendo a la comunidad, uno de sus principales valores corporativos que le otorgan su posicionamiento como una de las empresas comprometidas con el desarrollo social y el bienestar de la poblaci\u00f3n m\u00e1s vulnerable del pa\u00eds junto a sus clientes, proveedores y asociados en los 32 estados de la rep\u00fablica mexicana.<\/p>\n<\/div>\n<\/div>\n","protected":false},"excerpt":{"rendered":"<p>Con la iniciativa \u201cUnidos por una misma causa\u201d, The Home Depot contin\u00faa apoyando la recuperaci\u00f3n del estado de Guerrero, que fue afectada por el Hurac\u00e1n Otis. Ahora suma a 32 de sus proveedores y donan $5.1 MDP destinados a la construcci\u00f3n de 40 viviendas en Acapulco que mejorar\u00e1n la vida de 200 habitantes. \u00c9stas son [&hellip;]<\/p>\n","protected":false},"author":2,"featured_media":23383,"comment_status":"closed","ping_status":"open","sticky":false,"template":"","format":"standard","meta":[],"categories":[146],"tags":[10565],"wppr_data":{"cwp_meta_box_check":"No"},"_links":{"self":[{"href":"https:\/\/www.notaoficial.com\/s\/wp-json\/wp\/v2\/posts\/23382"}],"collection":[{"href":"https:\/\/www.notaoficial.com\/s\/wp-json\/wp\/v2\/posts"}],"about":[{"href":"https:\/\/www.notaoficial.com\/s\/wp-json\/wp\/v2\/types\/post"}],"author":[{"embeddable":true,"href":"https:\/\/www.notaoficial.com\/s\/wp-json\/wp\/v2\/users\/2"}],"replies":[{"embeddable":true,"href":"https:\/\/www.notaoficial.com\/s\/wp-json\/wp\/v2\/comments?post=23382"}],"version-history":[{"count":1,"href":"https:\/\/www.notaoficial.com\/s\/wp-json\/wp\/v2\/posts\/23382\/revisions"}],"predecessor-version":[{"id":23384,"href":"https:\/\/www.notaoficial.com\/s\/wp-json\/wp\/v2\/posts\/23382\/revisions\/23384"}],"wp:featuredmedia":[{"embeddable":true,"href":"https:\/\/www.notaoficial.com\/s\/wp-json\/wp\/v2\/media\/23383"}],"wp:attachment":[{"href":"https:\/\/www.notaoficial.com\/s\/wp-json\/wp\/v2\/media?parent=23382"}],"wp:term":[{"taxonomy":"category","embeddable":true,"href":"https:\/\/www.notaoficial.com\/s\/wp-json\/wp\/v2\/categories?post=23382"},{"taxonomy":"post_tag","embeddable":true,"href":"https:\/\/www.notaoficial.com\/s\/wp-json\/wp\/v2\/tags?post=23382"}],"curies":[{"name":"wp","href":"https:\/\/api.w.org\/{rel}","templated":true}]}}