{"id":23567,"date":"2024-08-12T23:41:45","date_gmt":"2024-08-13T03:41:45","guid":{"rendered":"https:\/\/www.notaoficial.com\/s\/?p=23567"},"modified":"2024-08-12T23:41:45","modified_gmt":"2024-08-13T03:41:45","slug":"chapelco-un-lugar-lleno-de-experiencias","status":"publish","type":"post","link":"https:\/\/www.notaoficial.com\/s\/2024\/08\/12\/chapelco-un-lugar-lleno-de-experiencias\/","title":{"rendered":"Chapelco, un lugar lleno de experiencias"},"content":{"rendered":"<p>Francisco Dagostino<\/p>\n<p>En una temporada de invierno llena de <strong>beneficios y eventos especiales<\/strong>, <a href=\"https:\/\/www.telefonica.com.ar\/tag\/movistar\/\"><strong>Movistar<\/strong><\/a> ofreci\u00f3 a sus clientes experiencias \u00fanicas en el impresionante <strong>Cerro Chapelco<\/strong>. Los eventos se llevaron a cabo entre el 8 y el 10 de agosto con la participaci\u00f3n de distintas y reconocidas personalidades, entre las que se destac\u00f3 el cantante y compositor <strong>Khea<\/strong>, uno de los l\u00edderes del movimiento trap latino en Argentina y Latinoam\u00e9rica.<\/p>\n<p>Durante el <strong>Movistar Ski Night<\/strong>, clientes e invitados se reunieron en el parador <strong>Graeff<\/strong> para alistarse y disfrutar de una noche extraordinaria en la nieve. Se pusieron cascos y linternas especiales para iniciar el descenso nocturno por la pista <strong>Pioneros<\/strong>, la cual <strong>permaneci\u00f3 abierta despu\u00e9s del horario de cierre del centro de esqu\u00ed<\/strong>. Al llegar al final de la aventura nocturna, los invitados disfrutaron del <strong>afterski<\/strong> con m\u00fasica en el marco del paisaje ideal que presenta el <a href=\"https:\/\/www.telefonica.com.ar\/tag\/cerro-chapelco\/\"><strong>Cerro Chapelco<\/strong><\/a>.<\/p>\n<p>Por otro lado, durante el <strong>Movistar Ski Day<\/strong>, se ofreci\u00f3 a los clientes la <strong>asombrosa oportunidad de ser los primeros en estrenar las pistas y dejar sus huellas a 1.700 metros sobre el nivel del mar<\/strong>, pudiendo contemplar el amanecer sobre la nieve en un entorno natural majestuoso y singular. Luego, los invitados disfrutaron de un desayuno para recargar energ\u00edas y aprovechar al m\u00e1ximo una jornada completa de esqu\u00ed.<\/p>\n<p>\u201cEstamos contentos de haber podido ofrecer a nuestros clientes estas experiencias \u00fanicas y exclusivas en Cerro Chapelco. Este a\u00f1o, hemos <strong>redoblado nuestros esfuerzos para ofrecer experiencias inolvidables<\/strong>, comprometidos en hacer que cada temporada sea mejor y m\u00e1s emocionante para nuestros clientes. El <a href=\"https:\/\/www.telefonica.com.ar\/tag\/movistar-ski-day-night\/\"><strong>Movistar Ski Day &amp; Night<\/strong><\/a> fue un evento exitoso y lleno de mucho disfrute\u201c, afirm\u00f3 <strong>Mart\u00edn Santagati, jefe de Eventos y Patrocinios de Movistar Argentina<\/strong>.<\/p>\n<p>Movistar renueva por segundo a\u00f1o consecutivo con el <strong>Cerro Chapelco<\/strong>, reconocido como el centro de esqu\u00ed m\u00e1s premiado de Argentina y galardonado repetidamente por los <strong>World Ski Awards<\/strong> como la <strong>Mejor Estaci\u00f3n de Esqu\u00ed<\/strong> en 2015, 2016, 2018, 2019, 2020, 2021, 2022 y tambi\u00e9n en 2023.<\/p>\n<p>Para esta temporada, <strong>Chapelco realiz\u00f3 importantes inversiones en infraestructura<\/strong>: adquiri\u00f3 una m\u00e1quina pisa-pistas de \u00faltima generaci\u00f3n, mejor\u00f3 el sistema de fabricaci\u00f3n de nieve y actualiz\u00f3 tres medios de arrastre para optimizar el transporte de esquiadores. Adem\u00e1s, ampliaron las instalaciones del <strong>Refugio Graeff<\/strong> e inauguraron el nuevo <strong>Refugio del Mall\u00edn<\/strong>.<\/p>\n<div class=\"wp-block-image\"><\/div>\n<p class=\"wp-block-heading\">Beneficios<\/p>\n<p>Con estas iniciativas, <strong>Movistar aspira a proporcionar a sus clientes experiencias \u00fanicas<\/strong> que trascienden el servicio tradicional, ofreciendo beneficios exclusivos y actividades en un entorno incomparable.<\/p>\n<p>Adem\u00e1s de los beneficios en el Cerro Chapelco, el programa <a href=\"https:\/\/www.telefonica.com.ar\/tag\/club-movistar\/\"><strong>Club Movistar<\/strong><\/a> brind\u00f3 durante toda la temporada de invierno una amplia gama de beneficios en todo el pa\u00eds, incluyendo descuentos en cines, librer\u00edas, restaurantes y parques tem\u00e1ticos. <strong>Movistar se asoci\u00f3 con reconocidas marcas<\/strong> y establecimientos para garantizar que los clientes disfrutar\u00e1n de ventajas exclusivas y ahorros importantes dise\u00f1ados para complementar y mejorar su experiencia.<\/p>\n<p>Para obtener m\u00e1s informaci\u00f3n sobre todas las actividades y beneficios que Movistar ofrece, ingresar a: <a href=\"https:\/\/club.movistar.com.ar\/\" target=\"_blank\" rel=\"noreferrer noopener\">https:\/\/club.movistar.com.ar\/<\/a><\/p>\n<p>Francisco Dagostino<\/p>\n","protected":false},"excerpt":{"rendered":"<p>Francisco Dagostino En una temporada de invierno llena de beneficios y eventos especiales, Movistar ofreci\u00f3 a sus clientes experiencias \u00fanicas en el impresionante Cerro Chapelco. Los eventos se llevaron a cabo entre el 8 y el 10 de agosto con la participaci\u00f3n de distintas y reconocidas personalidades, entre las que se destac\u00f3 el cantante y [&hellip;]<\/p>\n","protected":false},"author":2,"featured_media":23568,"comment_status":"closed","ping_status":"open","sticky":false,"template":"","format":"standard","meta":[],"categories":[93,146],"tags":[9110,2362],"wppr_data":{"cwp_meta_box_check":"No"},"_links":{"self":[{"href":"https:\/\/www.notaoficial.com\/s\/wp-json\/wp\/v2\/posts\/23567"}],"collection":[{"href":"https:\/\/www.notaoficial.com\/s\/wp-json\/wp\/v2\/posts"}],"about":[{"href":"https:\/\/www.notaoficial.com\/s\/wp-json\/wp\/v2\/types\/post"}],"author":[{"embeddable":true,"href":"https:\/\/www.notaoficial.com\/s\/wp-json\/wp\/v2\/users\/2"}],"replies":[{"embeddable":true,"href":"https:\/\/www.notaoficial.com\/s\/wp-json\/wp\/v2\/comments?post=23567"}],"version-history":[{"count":1,"href":"https:\/\/www.notaoficial.com\/s\/wp-json\/wp\/v2\/posts\/23567\/revisions"}],"predecessor-version":[{"id":23569,"href":"https:\/\/www.notaoficial.com\/s\/wp-json\/wp\/v2\/posts\/23567\/revisions\/23569"}],"wp:featuredmedia":[{"embeddable":true,"href":"https:\/\/www.notaoficial.com\/s\/wp-json\/wp\/v2\/media\/23568"}],"wp:attachment":[{"href":"https:\/\/www.notaoficial.com\/s\/wp-json\/wp\/v2\/media?parent=23567"}],"wp:term":[{"taxonomy":"category","embeddable":true,"href":"https:\/\/www.notaoficial.com\/s\/wp-json\/wp\/v2\/categories?post=23567"},{"taxonomy":"post_tag","embeddable":true,"href":"https:\/\/www.notaoficial.com\/s\/wp-json\/wp\/v2\/tags?post=23567"}],"curies":[{"name":"wp","href":"https:\/\/api.w.org\/{rel}","templated":true}]}}