{"id":2357,"date":"2018-07-23T11:00:39","date_gmt":"2018-07-23T15:00:39","guid":{"rendered":"http:\/\/www.notaoficial.com\/s\/?p=2357"},"modified":"2018-08-14T22:28:45","modified_gmt":"2018-08-15T02:28:45","slug":"fundacion-espacio-celebra-aniversario-de-caracas-con-intervenciones-urbanas-y-actividades-diversas","status":"publish","type":"post","link":"https:\/\/www.notaoficial.com\/s\/2018\/07\/23\/fundacion-espacio-celebra-aniversario-de-caracas-con-intervenciones-urbanas-y-actividades-diversas\/","title":{"rendered":"Fundaci\u00f3n Espacio celebra aniversario de Caracas  con intervenciones urbanas y actividades diversas"},"content":{"rendered":"<p>Con motivo de celebrar un nuevo aniversario de Caracas, la Fundaci\u00f3n Espacio llevar\u00e1 a cabo una programaci\u00f3n con actividades culturales, art\u00edsticas, musicales y gastron\u00f3micas enmarcadas en el proyecto CCScity450, que bajo el t\u00edtulo \u201cTres Miradas a Caracas\u201d, tendr\u00e1n lugar en tres sectores de la ciudad los d\u00edas viernes 27, s\u00e1bado 28 y domingo 29 de julio de 2018, respectivamente, a partir de los tres principales proyectos que resultaron ganadores en el Concurso de intervenci\u00f3n urbana realizado el pasado a\u00f1o 2017, y que se han venido implementando en dichos sectores.<\/p>\n<p>\u201cTres Miradas a Caracas\u201d intenta mostrar las din\u00e1micas de transformaci\u00f3n del espacio p\u00fablico en los tres lugares a los que corresponden los tres proyectos que obtuvieron los primeros lugares en el concurso, como son Ciudad Industrial (Los Cortijos de Lourdes), Ciudad Jard\u00edn (urbanizaci\u00f3n Altamira Sur, El Dorado) y Ciudad Hospitalaria (sector Santa Rosa, inmediaciones del Hospital Ortop\u00e9dico Infantil), los cuales han sido objeto de una serie de intervenciones de urbanismo t\u00e1ctico, arquitectura ef\u00edmera y arte urbano, con la participaci\u00f3n de actores vecinales, institucionales y organizaciones no gubernamentales que comparten el deseo por mejorar el entorno urbano.<\/p>\n<p>La programaci\u00f3n arrancar\u00e1 el viernes 27 de julio a partir de la 1:00 pm hasta las 9:00 pm, en Ciudad Industrial, donde se podr\u00e1 disfrutar de un dj, una performance de arte a\u00e9reo, un parque port\u00e1til y un recorrido por las galer\u00edas de la Fundaci\u00f3n Empresas Polar y Editora El Nacional, entre otras actividades.<\/p>\n<p>La propuesta implementada en este sector estuvo a cargo del grupo Incursiones, el cual desarroll\u00f3 el proyecto ON en la 3ra transversal de Los Cortijos de Lourdes, que incluye una Isla Habitable para el aprovechamiento de una estrecha franja verde con bancos, mesas y divanes elaborados con palets de madera reciclados, adem\u00e1s de una intervenci\u00f3n lum\u00ednica y de arte en un tanque de agua y varios muros.<\/p>\n<p>El s\u00e1bado 28 de julio la agenda se trasladar\u00e1 a Ciudad Jard\u00edn, donde a partir de las 8:00 am y hasta las 8:00 pm se realizar\u00e1 una feria gastron\u00f3mica en el bulevar Juan Pernalete de Altamira, con Teatro de T\u00edteres en el Anfiteatro de la Plaza Altamira Sur, y una serie de actividades en el Banco del Libro, tales como la hora del cuento, canje de libros de texto, venta de libros usados, yoga y baile a cielo abierto, entre otras.<\/p>\n<p>La intervenci\u00f3n en esta zona, realizada por el Grupo Espacio P\u00fablico Vivo, lleva el nombre de \u201cReflorestando\u201d e incluye intervenciones de arte y dise\u00f1o gr\u00e1fico en los pavimentos de la avenida, muros y santamar\u00eda de los comercios del sector, propuestos por j\u00f3venes arquitectos y estudiantes de gr\u00e1fica de Prodise\u00f1o; un mural realizado por el artista Dagor en el per\u00edmetro del muro del terreno ubicado al sur de la Plaza Francia; parques port\u00e1tiles temporales propuestos por estudiantes de arquitectura de la Universidad Sim\u00f3n Bol\u00edvar y de la UCV; y elementos de arte que fungen como reductores de velocidad al producir efectos tridimensionales en la v\u00eda.<\/p>\n<p>El domingo 29 de julio la programaci\u00f3n tendr\u00e1 lugar el Ciudad Hospitalaria de 11:00 am a 3:30 pm, con un conjunto de iniciativas en la calle San Juli\u00e1n, entre las que figuran una Van de libros para ni\u00f1os (Banco del Libro y Ediciones Ekar\u00e9), actividades para movilidad reducida (Laboratorio Ciudad), parques port\u00e1tiles y mercado de v\u00edveres.<\/p>\n<p>En este sector, el grupo Caracas Vinculada desarroll\u00f3 una propuesta que contempla intervenciones de color en los pavimentos, una pieza mural del artista Alberto S\u00e1nchez sobre el muro perimetral del Hospital Ortop\u00e9dico Infantil, y una muestra fotogr\u00e1fica hacia el norte del hospital, de residentes, trabajadores y visitantes, patrocinada por el proyecto \u201cInside Out Project\u201d y adelantada por reconocidos fot\u00f3grafos locales como Carlos Ancheta y Elizabeth Schummer, entre otros del Espacio Anna Frank. En esta \u00faltima intervenci\u00f3n participaron tambi\u00e9n los ni\u00f1os de la Escuela Comunitaria Luisa Goiticoa, estampando palabras que forman parte de sus valores como ciudadanos sobre el mural de la artista Dayana Mel\u00e9ndez.<\/p>\n<p>El p\u00fablico podr\u00e1 disfrutar de la programaci\u00f3n \u201cTres Miradas a Caracas\u201d, que ofrecer\u00e1 la Fundaci\u00f3n Espacio los d\u00edas 27, 28 y 29 de julio de 2018, con el patrocinio y la colaboraci\u00f3n de la Embajada de los Estados Unidos, Embajada de Espa\u00f1a, British Council, Hospital Ortop\u00e9dico Infantil, Fundaci\u00f3n Mendoza, Insideout Project, Espacio Anna Frank, Escuela Luisa Goiticoa, Ministerio del Poder Popular para la Alimentaci\u00f3n, Farmatodo, Banco del Libro, Ferreter\u00eda EPA, Maploca, Lil G y Criollo Style, Estacionamiento del Hospital Ortop\u00e9dico Infantil, Consejo Comunal de San Juli\u00e1n, Cafeter\u00eda Lazareto, Concejo Municipal de Libertador, Asociaci\u00f3n de Industriales Los Cortijos (ASICOR), C.A. Editora El Nacional, Hilados Flexilon, Comercializadora Poseid\u00f3n, Club Los Cortijos, Fundaci\u00f3n Empresas Polar, Consejo Comunal de Los Cortijos, Cervecer\u00eda El Oso, Coca Cola Femsa, Big Cat Restaurant, Alcald\u00eda de Sucre, Haciendo Ciudad, Laboratorio Ciudad, Prodise\u00f1o, Corporaci\u00f3n Andina de Fomento CAF, Dagor Fabian Solymar, Meraz Aguilar Despacho Museogr\u00e1fico, Centro de Arte Los Galpones, Panader\u00eda la Floresta, Kiosko La Floresta, Bodeg\u00f3n Galip\u00e1n, Librer\u00eda Lugar Com\u00fan, Hotel Monserrat, Banco del Libro, Ediciones Ekar\u00e9, Archivo de la Fotograf\u00eda Urbana, Fundaci\u00f3n para la Cultura Urbana y Alcald\u00eda de Chacao.<\/p>\n","protected":false},"excerpt":{"rendered":"<p>Con motivo de celebrar un nuevo aniversario de Caracas, la Fundaci\u00f3n Espacio llevar\u00e1 a cabo una programaci\u00f3n con actividades culturales, art\u00edsticas, musicales y gastron\u00f3micas enmarcadas en el proyecto CCScity450, que bajo el t\u00edtulo \u201cTres Miradas a Caracas\u201d, tendr\u00e1n lugar en tres sectores de la ciudad los d\u00edas viernes 27, s\u00e1bado 28 y domingo 29 de [&hellip;]<\/p>\n","protected":false},"author":2,"featured_media":2358,"comment_status":"closed","ping_status":"open","sticky":false,"template":"","format":"standard","meta":[],"categories":[1052,126,2],"tags":[1059,1068,49,1069,1054,1061,1056,1058,1788,1071,248,1065,1060,1070,1064,1053,1066,1063,1067,1057,1062,1055],"wppr_data":[],"_links":{"self":[{"href":"https:\/\/www.notaoficial.com\/s\/wp-json\/wp\/v2\/posts\/2357"}],"collection":[{"href":"https:\/\/www.notaoficial.com\/s\/wp-json\/wp\/v2\/posts"}],"about":[{"href":"https:\/\/www.notaoficial.com\/s\/wp-json\/wp\/v2\/types\/post"}],"author":[{"embeddable":true,"href":"https:\/\/www.notaoficial.com\/s\/wp-json\/wp\/v2\/users\/2"}],"replies":[{"embeddable":true,"href":"https:\/\/www.notaoficial.com\/s\/wp-json\/wp\/v2\/comments?post=2357"}],"version-history":[{"count":3,"href":"https:\/\/www.notaoficial.com\/s\/wp-json\/wp\/v2\/posts\/2357\/revisions"}],"predecessor-version":[{"id":2692,"href":"https:\/\/www.notaoficial.com\/s\/wp-json\/wp\/v2\/posts\/2357\/revisions\/2692"}],"wp:featuredmedia":[{"embeddable":true,"href":"https:\/\/www.notaoficial.com\/s\/wp-json\/wp\/v2\/media\/2358"}],"wp:attachment":[{"href":"https:\/\/www.notaoficial.com\/s\/wp-json\/wp\/v2\/media?parent=2357"}],"wp:term":[{"taxonomy":"category","embeddable":true,"href":"https:\/\/www.notaoficial.com\/s\/wp-json\/wp\/v2\/categories?post=2357"},{"taxonomy":"post_tag","embeddable":true,"href":"https:\/\/www.notaoficial.com\/s\/wp-json\/wp\/v2\/tags?post=2357"}],"curies":[{"name":"wp","href":"https:\/\/api.w.org\/{rel}","templated":true}]}}