{"id":2360,"date":"2018-07-23T13:08:11","date_gmt":"2018-07-23T17:08:11","guid":{"rendered":"http:\/\/www.notaoficial.com\/s\/?p=2360"},"modified":"2020-09-24T09:30:10","modified_gmt":"2020-09-24T13:30:10","slug":"galeria-espaciomad-chacao-presenta-muestra-de-francisco-salazar","status":"publish","type":"post","link":"https:\/\/www.notaoficial.com\/s\/2018\/07\/23\/galeria-espaciomad-chacao-presenta-muestra-de-francisco-salazar\/","title":{"rendered":"Galer\u00eda espacioMad Chacao presenta muestra de Francisco Salazar"},"content":{"rendered":"<p>Con un conjunto de obras realizadas por el artista venezolano Francisco Salazar durante la d\u00e9cada de los 70, ser\u00e1 inaugurada la exposici\u00f3n \u201cLuz y Sombra\u201d, el pr\u00f3ximo domingo 22 de julio de 2018 a las 11 am, en la nueva sede de la Galer\u00eda espacioMAD, ubicada en el casco de Chacao.<\/p>\n<p>Perteneciente a la generaci\u00f3n de artistas venezolanos, que a finales de los 60 y en la d\u00e9cada de los 70 se vieron en la necesidad de generar nuevos di\u00e1logos en las expresiones art\u00edsticas influenciados por las vanguardias desarrolladas en Europa, Francisco Salazar comenz\u00f3 a desarrollar su propuesta art\u00edstica dentro de la corriente del cinetismo, siendo \u00e9sta la que definir\u00eda por completo su obra.<\/p>\n<p>Trabaj\u00f3 como Jefe del Taller de Jes\u00fas Soto, en Par\u00eds, Francia, a partir de 1967 y hasta la muerte de Soto en el a\u00f1o 2005, y esta influencia le permiti\u00f3 prestar atenci\u00f3n hacia el detalle, caracter\u00edstica que tambi\u00e9n aplica a s\u00ed mismo, convirti\u00e9ndose en un artista met\u00f3dico que combina el uso constante del blanco absoluto, no como un color en s\u00ed, sino como la ausencia misma de \u00e9ste; y el uso de formas geom\u00e9tricas superpuestas que generan sensaci\u00f3n de tridimensionalidad sobre una superficie plana.<\/p>\n<p>Los materiales por excelencia utilizados por Salazar son el cart\u00f3n corrugado y el yeso, a trav\u00e9s de los cuales genera formas geom\u00e9tricas y efectos \u00f3pticos en el plano, que proporcionan un dinamismo est\u00e1tico a su obra a trav\u00e9s de la luz y la sombra, del positivo y del negativo<\/p>\n<p>Asimismo, busca generar un v\u00ednculo entre el espectador y la obra y de esta forma \u201cnos propone un tipo de interacci\u00f3n visual, donde dicho v\u00ednculo se hace de forma sutil, a trav\u00e9s del acercamiento y la observaci\u00f3n detenida y constante, donde podemos poco a poco ir encontrando detalles que gradualmente aparecen o desaparecen. As\u00ed este artista presenta una obra donde la mirada no es dirigida directamente a la finalidad de observar una figura, sino a generar nuevas sensaciones, que nos exponen a percibir los cambios que mueven y producen alteraciones en nuestro entorno inmediato, desde su propia intimidad, entre luces y sombras\u201d, seg\u00fan se afirma en el texto que acompa\u00f1a la muestra.<\/p>\n<p>Nacido en el estado Monagas en 1937, Francisco Salazar posee una amplia y reconocida trayectoria art\u00edstica durante la cual ha exhibido su obra en diversas galer\u00edas y museos de Venezuela, y otros pa\u00edses como Francia y Estados Unidos. Entre los reconocimientos que ha recibido figuran el Premio Armando Rever\u00f3n, XXVIII Sal\u00f3n Oficial; Premio Henrique Otero Vizcarrondo, XXVIII Sal\u00f3n Oficial; Premio Jos\u00e9 Loreto Arismendi, XXVIII Sal\u00f3n Oficial; Premio Andr\u00e9s P\u00e9rez Mujica, XXV Sal\u00f3n Arturo Michelena; Primer premio, V Bienal de Par\u00eds; Primer premio, Bienal de Codex, Buenos Aires (1968); y Segundo premio, Bienal de Coltejer, Medell\u00edn, Colombia (1969). Su obra forma parte de las colecciones del Ateneo de Valencia, Edo. Carabobo; Colecci\u00f3n Cisneros, Caracas; GAN; MACCSI; Museo de Arte Moderno de la Ciudad de Par\u00eds; Museo de Arte Moderno, Medell\u00edn, Colombia; Museo Nacional de Bellas Artes, Buenos Aires; y Museo Soto.<\/p>\n<p>La exposici\u00f3n \u201cLuz y Sombra\u201d de Francisco Salazar podr\u00e1 ser visitada del 22 de julio al 21 de septiembre de 2018, en la Sala Vitrina de espacioMAD Chacao, en la Av. Mohedano, entre calles Sucre y P\u00e1ez, edificio Don Jos\u00e9, a una cuadra de la Plaza Bol\u00edvar de Chacao. El horario de exposici\u00f3n es de lunes a viernes 9 am a 12 m y de 2 a 6 pm, s\u00e1bados y domingos previa cita. La entrada es libre.<\/p>\n","protected":false},"excerpt":{"rendered":"<p>Con un conjunto de obras realizadas por el artista venezolano Francisco Salazar durante la d\u00e9cada de los 70, ser\u00e1 inaugurada la exposici\u00f3n \u201cLuz y Sombra\u201d, el pr\u00f3ximo domingo 22 de julio de 2018 a las 11 am, en la nueva sede de la Galer\u00eda espacioMAD, ubicada en el casco de Chacao. Perteneciente a la generaci\u00f3n [&hellip;]<\/p>\n","protected":false},"author":2,"featured_media":2361,"comment_status":"closed","ping_status":"open","sticky":false,"template":"","format":"standard","meta":[],"categories":[463,2],"tags":[1080,1082,207,49,919,1086,28],"wppr_data":[],"_links":{"self":[{"href":"https:\/\/www.notaoficial.com\/s\/wp-json\/wp\/v2\/posts\/2360"}],"collection":[{"href":"https:\/\/www.notaoficial.com\/s\/wp-json\/wp\/v2\/posts"}],"about":[{"href":"https:\/\/www.notaoficial.com\/s\/wp-json\/wp\/v2\/types\/post"}],"author":[{"embeddable":true,"href":"https:\/\/www.notaoficial.com\/s\/wp-json\/wp\/v2\/users\/2"}],"replies":[{"embeddable":true,"href":"https:\/\/www.notaoficial.com\/s\/wp-json\/wp\/v2\/comments?post=2360"}],"version-history":[{"count":1,"href":"https:\/\/www.notaoficial.com\/s\/wp-json\/wp\/v2\/posts\/2360\/revisions"}],"predecessor-version":[{"id":2362,"href":"https:\/\/www.notaoficial.com\/s\/wp-json\/wp\/v2\/posts\/2360\/revisions\/2362"}],"wp:featuredmedia":[{"embeddable":true,"href":"https:\/\/www.notaoficial.com\/s\/wp-json\/wp\/v2\/media\/2361"}],"wp:attachment":[{"href":"https:\/\/www.notaoficial.com\/s\/wp-json\/wp\/v2\/media?parent=2360"}],"wp:term":[{"taxonomy":"category","embeddable":true,"href":"https:\/\/www.notaoficial.com\/s\/wp-json\/wp\/v2\/categories?post=2360"},{"taxonomy":"post_tag","embeddable":true,"href":"https:\/\/www.notaoficial.com\/s\/wp-json\/wp\/v2\/tags?post=2360"}],"curies":[{"name":"wp","href":"https:\/\/api.w.org\/{rel}","templated":true}]}}